{"id":3734,"date":"2025-06-04T11:09:58","date_gmt":"2025-06-04T11:09:58","guid":{"rendered":"https:\/\/blogsaverroes.juntadeandalucia.es\/iesgamonares\/?p=3734"},"modified":"2025-06-04T11:09:58","modified_gmt":"2025-06-04T11:09:58","slug":"visita-del-delegado-territorial-de-educacion-a-nuestro-centro","status":"publish","type":"post","link":"https:\/\/blogsaverroes.juntadeandalucia.es\/iesgamonares\/2025\/06\/04\/visita-del-delegado-territorial-de-educacion-a-nuestro-centro\/","title":{"rendered":"Visita del Delegado Territorial de Educaci\u00f3n a nuestro centro"},"content":{"rendered":"<p><span style=\"font-weight: 400\">Hoy, d\u00eda 27 de mayo, hemos tenido el honor de recibir en nuestro instituto la visita del Delegado Territorial de Educaci\u00f3n, Don Francisco Jos\u00e9 Solano Rodr\u00edguez.<\/span><\/p>\n<p><span style=\"font-weight: 400\">Durante la visita, el Delegado recorri\u00f3 diversas aulas del centro, conociendo de primera mano el trabajo diario de nuestro profesorado y alumnado, as\u00ed como los proyectos pedag\u00f3gicos que llevamos a cabo con entusiasmo y compromiso. Uno de los momentos m\u00e1s destacados fue la visita a nuestras <\/span><b>Aulas del Futuro y Rob\u00f3tica<\/b><span style=\"font-weight: 400\">, unos espacios innovadores que hemos dise\u00f1ado para transformar la ense\u00f1anza y el aprendizaje, fomentando metodolog\u00edas activas, el trabajo cooperativo y el uso de las tecnolog\u00edas digitales.<\/span><\/p>\n<p><span style=\"font-weight: 400\">Esta visita cobra especial relevancia ya que recientemente hemos sido reconocidos con el <\/span><b>Sello de Calidad del Proyecto Aula del Futuro<\/b><span style=\"font-weight: 400\">, una distinci\u00f3n que nos impulsa a seguir avanzando en la l\u00ednea de la innovaci\u00f3n educativa y la mejora continua. El Delegado ha podido ver el esfuerzo del equipo docente por ofrecer una educaci\u00f3n adaptada a los retos del siglo XXI, valorando muy positivamente la implicaci\u00f3n del centro en este tipo de iniciativas.<\/span><\/p>\n<p><span style=\"font-weight: 400\">Adem\u00e1s, hemos podido mostrarle al Delegado los <\/span><b>dos proyectos de inversi\u00f3n concedidos recientemente<\/b><span style=\"font-weight: 400\">, que han supuesto una importante mejora en nuestras infraestructuras. Entre ellas, destaca la actuaci\u00f3n en nuestro <\/span><b>pabell\u00f3n deportivo<\/b><span style=\"font-weight: 400\">, cuyas condiciones han mejorado notablemente para el desarrollo de la actividad f\u00edsica y deportiva del alumnado, as\u00ed como otros espacios del centro que han sido acondicionados para ofrecer un entorno m\u00e1s adecuado y funcional.<\/span><\/p>\n<p><span style=\"font-weight: 400\">Desde la Comunidad Educativa queremos agradecer sinceramente la presencia del Delegado Territorial, as\u00ed como el respaldo mostrado a nuestra labor educativa. Esta visita supone un reconocimiento al trabajo conjunto de toda la comunidad educativa y un est\u00edmulo para seguir creciendo como centro de referencia en innovaci\u00f3n pedag\u00f3gica.<\/span><img loading=\"lazy\" decoding=\"async\" class=\"alignright size-large wp-image-3735\" src=\"https:\/\/blogsaverroes.juntadeandalucia.es\/iesgamonares\/files\/2025\/06\/Foto-3-1024x768.jpg\" alt=\"\" width=\"1024\" height=\"768\" srcset=\"https:\/\/blogsaverroes.juntadeandalucia.es\/iesgamonares\/files\/2025\/06\/Foto-3-1024x768.jpg 1024w, https:\/\/blogsaverroes.juntadeandalucia.es\/iesgamonares\/files\/2025\/06\/Foto-3-300x225.jpg 300w, https:\/\/blogsaverroes.juntadeandalucia.es\/iesgamonares\/files\/2025\/06\/Foto-3-768x576.jpg 768w, https:\/\/blogsaverroes.juntadeandalucia.es\/iesgamonares\/files\/2025\/06\/Foto-3-1536x1152.jpg 1536w, https:\/\/blogsaverroes.juntadeandalucia.es\/iesgamonares\/files\/2025\/06\/Foto-3-2048x1536.jpg 2048w, https:\/\/blogsaverroes.juntadeandalucia.es\/iesgamonares\/files\/2025\/06\/Foto-3.jpg 1600w\" sizes=\"(max-width: 1024px) 100vw, 1024px\" \/> <img loading=\"lazy\" decoding=\"async\" class=\"alignright size-large wp-image-3736\" src=\"https:\/\/blogsaverroes.juntadeandalucia.es\/iesgamonares\/files\/2025\/06\/Foto-2-768x1024.jpg\" alt=\"\" width=\"768\" height=\"1024\" srcset=\"https:\/\/blogsaverroes.juntadeandalucia.es\/iesgamonares\/files\/2025\/06\/Foto-2-768x1024.jpg 768w, https:\/\/blogsaverroes.juntadeandalucia.es\/iesgamonares\/files\/2025\/06\/Foto-2-225x300.jpg 225w, https:\/\/blogsaverroes.juntadeandalucia.es\/iesgamonares\/files\/2025\/06\/Foto-2-1152x1536.jpg 1152w, https:\/\/blogsaverroes.juntadeandalucia.es\/iesgamonares\/files\/2025\/06\/Foto-2-1536x2048.jpg 1536w\" sizes=\"(max-width: 768px) 100vw, 768px\" \/> <img loading=\"lazy\" decoding=\"async\" class=\"alignright size-large wp-image-3737\" src=\"https:\/\/blogsaverroes.juntadeandalucia.es\/iesgamonares\/files\/2025\/06\/Foto-4-1024x768.jpg\" alt=\"\" width=\"1024\" height=\"768\" srcset=\"https:\/\/blogsaverroes.juntadeandalucia.es\/iesgamonares\/files\/2025\/06\/Foto-4-1024x768.jpg 1024w, https:\/\/blogsaverroes.juntadeandalucia.es\/iesgamonares\/files\/2025\/06\/Foto-4-300x225.jpg 300w, https:\/\/blogsaverroes.juntadeandalucia.es\/iesgamonares\/files\/2025\/06\/Foto-4-768x576.jpg 768w, https:\/\/blogsaverroes.juntadeandalucia.es\/iesgamonares\/files\/2025\/06\/Foto-4-1536x1152.jpg 1536w, https:\/\/blogsaverroes.juntadeandalucia.es\/iesgamonares\/files\/2025\/06\/Foto-4.jpg 1600w\" sizes=\"(max-width: 1024px) 100vw, 1024px\" \/> <img loading=\"lazy\" decoding=\"async\" class=\"alignright size-large wp-image-3738\" src=\"https:\/\/blogsaverroes.juntadeandalucia.es\/iesgamonares\/files\/2025\/06\/Foto-1-1024x768.jpg\" alt=\"\" width=\"1024\" height=\"768\" srcset=\"https:\/\/blogsaverroes.juntadeandalucia.es\/iesgamonares\/files\/2025\/06\/Foto-1-1024x768.jpg 1024w, https:\/\/blogsaverroes.juntadeandalucia.es\/iesgamonares\/files\/2025\/06\/Foto-1-300x225.jpg 300w, https:\/\/blogsaverroes.juntadeandalucia.es\/iesgamonares\/files\/2025\/06\/Foto-1-768x576.jpg 768w, https:\/\/blogsaverroes.juntadeandalucia.es\/iesgamonares\/files\/2025\/06\/Foto-1-1536x1152.jpg 1536w, https:\/\/blogsaverroes.juntadeandalucia.es\/iesgamonares\/files\/2025\/06\/Foto-1-2048x1536.jpg 2048w, https:\/\/blogsaverroes.juntadeandalucia.es\/iesgamonares\/files\/2025\/06\/Foto-1.jpg 1600w\" sizes=\"(max-width: 1024px) 100vw, 1024px\" \/><\/p>\n","protected":false},"excerpt":{"rendered":"<p>Hoy, d\u00eda 27 de mayo, hemos tenido el honor de recibir en nuestro instituto la visita del Delegado Territorial de Educaci\u00f3n, Don Francisco Jos\u00e9 Solano Rodr\u00edguez. Durante la visita, el Delegado recorri\u00f3 diversas aulas&#46;&#46;&#46;<\/p>\n","protected":false},"author":9849,"featured_media":3737,"comment_status":"open","ping_status":"open","sticky":false,"template":"","format":"standard","meta":{"ngg_post_thumbnail":0,"footnotes":""},"categories":[2351674],"tags":[],"aioseo_notices":[],"_links":{"self":[{"href":"https:\/\/blogsaverroes.juntadeandalucia.es\/iesgamonares\/wp-json\/wp\/v2\/posts\/3734"}],"collection":[{"href":"https:\/\/blogsaverroes.juntadeandalucia.es\/iesgamonares\/wp-json\/wp\/v2\/posts"}],"about":[{"href":"https:\/\/blogsaverroes.juntadeandalucia.es\/iesgamonares\/wp-json\/wp\/v2\/types\/post"}],"author":[{"embeddable":true,"href":"https:\/\/blogsaverroes.juntadeandalucia.es\/iesgamonares\/wp-json\/wp\/v2\/users\/9849"}],"replies":[{"embeddable":true,"href":"https:\/\/blogsaverroes.juntadeandalucia.es\/iesgamonares\/wp-json\/wp\/v2\/comments?post=3734"}],"version-history":[{"count":2,"href":"https:\/\/blogsaverroes.juntadeandalucia.es\/iesgamonares\/wp-json\/wp\/v2\/posts\/3734\/revisions"}],"predecessor-version":[{"id":3740,"href":"https:\/\/blogsaverroes.juntadeandalucia.es\/iesgamonares\/wp-json\/wp\/v2\/posts\/3734\/revisions\/3740"}],"wp:featuredmedia":[{"embeddable":true,"href":"https:\/\/blogsaverroes.juntadeandalucia.es\/iesgamonares\/wp-json\/wp\/v2\/media\/3737"}],"wp:attachment":[{"href":"https:\/\/blogsaverroes.juntadeandalucia.es\/iesgamonares\/wp-json\/wp\/v2\/media?parent=3734"}],"wp:term":[{"taxonomy":"category","embeddable":true,"href":"https:\/\/blogsaverroes.juntadeandalucia.es\/iesgamonares\/wp-json\/wp\/v2\/categories?post=3734"},{"taxonomy":"post_tag","embeddable":true,"href":"https:\/\/blogsaverroes.juntadeandalucia.es\/iesgamonares\/wp-json\/wp\/v2\/tags?post=3734"}],"curies":[{"name":"wp","href":"https:\/\/api.w.org\/{rel}","templated":true}]}}