{"id":11434,"date":"2025-10-19T19:19:47","date_gmt":"2025-10-19T17:19:47","guid":{"rendered":"https:\/\/blogsaverroes.juntadeandalucia.es\/iesgaviota\/?p=11434"},"modified":"2025-10-20T14:05:50","modified_gmt":"2025-10-20T12:05:50","slug":"sostenibilidad","status":"publish","type":"post","link":"https:\/\/blogsaverroes.juntadeandalucia.es\/iesgaviota\/sostenibilidad\/","title":{"rendered":"Sostenibilidad"},"content":{"rendered":"<p>#Aldea, medioambiente, sostenibilidad# \ud83d\udc9a\ud83d\uddfa\ufe0f<\/p>\n<p>El alumnado del CFGS de 1\u2070 de Educaci\u00f3n infantil, poniendo en pr\u00e1ctica el m\u00f3dulo de Sostenibilidad, trabajando la agenda 20\/30 con materiales sostenibles.<\/p>\n<p>Comparten este momento con un grupo 1\u2070 de bachillerato.<\/p>\n<p>Gracias por vuestra implicaci\u00f3n y profesionalidad\ud83e\udd70\ud83e\udd70\ud83e\udd70\ud83e\udd70 y a Bel\u00e9n por organizarlo y trabajar en su concienciaci\u00f3n.<br \/>\n<a href=\"https:\/\/www.instagram.com\/p\/DP_OkWhDaFU\/?img_index=2&amp;igsh=MXJ1dnY3OWNzbXJuMQ==\">Enlace al post de Instagram<\/a><\/p>\n<p>&nbsp;<\/p>\n<p><a href=\"https:\/\/blogsaverroes.juntadeandalucia.es\/iesgaviota\/files\/2025\/10\/WhatsApp-Image-2025-10-19-at-21.05.28-2.jpeg\"><img loading=\"lazy\" decoding=\"async\" class=\"aligncenter size-full wp-image-11437\" src=\"https:\/\/blogsaverroes.juntadeandalucia.es\/iesgaviota\/files\/2025\/10\/WhatsApp-Image-2025-10-19-at-21.05.28-2.jpeg\" alt=\"\" width=\"2000\" height=\"900\" srcset=\"https:\/\/blogsaverroes.juntadeandalucia.es\/iesgaviota\/files\/2025\/10\/WhatsApp-Image-2025-10-19-at-21.05.28-2.jpeg 1600w, https:\/\/blogsaverroes.juntadeandalucia.es\/iesgaviota\/files\/2025\/10\/WhatsApp-Image-2025-10-19-at-21.05.28-2-300x135.jpeg 300w, https:\/\/blogsaverroes.juntadeandalucia.es\/iesgaviota\/files\/2025\/10\/WhatsApp-Image-2025-10-19-at-21.05.28-2-1024x461.jpeg 1024w, https:\/\/blogsaverroes.juntadeandalucia.es\/iesgaviota\/files\/2025\/10\/WhatsApp-Image-2025-10-19-at-21.05.28-2-768x346.jpeg 768w, https:\/\/blogsaverroes.juntadeandalucia.es\/iesgaviota\/files\/2025\/10\/WhatsApp-Image-2025-10-19-at-21.05.28-2-1536x691.jpeg 1536w\" sizes=\"(max-width: 2000px) 100vw, 2000px\" \/><\/a> <a href=\"https:\/\/blogsaverroes.juntadeandalucia.es\/iesgaviota\/files\/2025\/10\/WhatsApp-Image-2025-10-19-at-21.05.28-1.jpeg\"><img loading=\"lazy\" decoding=\"async\" class=\"aligncenter size-full wp-image-11438\" src=\"https:\/\/blogsaverroes.juntadeandalucia.es\/iesgaviota\/files\/2025\/10\/WhatsApp-Image-2025-10-19-at-21.05.28-1.jpeg\" alt=\"\" width=\"1440\" height=\"1920\" srcset=\"https:\/\/blogsaverroes.juntadeandalucia.es\/iesgaviota\/files\/2025\/10\/WhatsApp-Image-2025-10-19-at-21.05.28-1.jpeg 1200w, https:\/\/blogsaverroes.juntadeandalucia.es\/iesgaviota\/files\/2025\/10\/WhatsApp-Image-2025-10-19-at-21.05.28-1-225x300.jpeg 225w, https:\/\/blogsaverroes.juntadeandalucia.es\/iesgaviota\/files\/2025\/10\/WhatsApp-Image-2025-10-19-at-21.05.28-1-768x1024.jpeg 768w, https:\/\/blogsaverroes.juntadeandalucia.es\/iesgaviota\/files\/2025\/10\/WhatsApp-Image-2025-10-19-at-21.05.28-1-1152x1536.jpeg 1152w\" sizes=\"(max-width: 1440px) 100vw, 1440px\" \/><\/a> <a href=\"https:\/\/blogsaverroes.juntadeandalucia.es\/iesgaviota\/files\/2025\/10\/WhatsApp-Image-2025-10-19-at-21.05.28.jpeg\"><img loading=\"lazy\" decoding=\"async\" class=\"aligncenter size-full wp-image-11439\" src=\"https:\/\/blogsaverroes.juntadeandalucia.es\/iesgaviota\/files\/2025\/10\/WhatsApp-Image-2025-10-19-at-21.05.28.jpeg\" alt=\"\" width=\"2000\" height=\"900\" srcset=\"https:\/\/blogsaverroes.juntadeandalucia.es\/iesgaviota\/files\/2025\/10\/WhatsApp-Image-2025-10-19-at-21.05.28.jpeg 1600w, https:\/\/blogsaverroes.juntadeandalucia.es\/iesgaviota\/files\/2025\/10\/WhatsApp-Image-2025-10-19-at-21.05.28-300x135.jpeg 300w, https:\/\/blogsaverroes.juntadeandalucia.es\/iesgaviota\/files\/2025\/10\/WhatsApp-Image-2025-10-19-at-21.05.28-1024x461.jpeg 1024w, https:\/\/blogsaverroes.juntadeandalucia.es\/iesgaviota\/files\/2025\/10\/WhatsApp-Image-2025-10-19-at-21.05.28-768x346.jpeg 768w, https:\/\/blogsaverroes.juntadeandalucia.es\/iesgaviota\/files\/2025\/10\/WhatsApp-Image-2025-10-19-at-21.05.28-1536x691.jpeg 1536w\" sizes=\"(max-width: 2000px) 100vw, 2000px\" \/><\/a><\/p>\n","protected":false},"excerpt":{"rendered":"<p>#Aldea, medioambiente, sostenibilidad# \ud83d\udc9a\ud83d\uddfa\ufe0f El alumnado del CFGS de 1\u2070 de Educaci\u00f3n infantil, poniendo en pr\u00e1ctica el m\u00f3dulo de Sostenibilidad, trabajando la agenda 20\/30 con materiales sostenibles. Comparten este momento con un grupo 1\u2070&#46;&#46;&#46;<\/p>\n","protected":false},"author":3385,"featured_media":11435,"comment_status":"open","ping_status":"open","sticky":false,"template":"","format":"standard","meta":{"ngg_post_thumbnail":0,"footnotes":""},"categories":[166],"tags":[715822],"aioseo_notices":[],"_links":{"self":[{"href":"https:\/\/blogsaverroes.juntadeandalucia.es\/iesgaviota\/wp-json\/wp\/v2\/posts\/11434"}],"collection":[{"href":"https:\/\/blogsaverroes.juntadeandalucia.es\/iesgaviota\/wp-json\/wp\/v2\/posts"}],"about":[{"href":"https:\/\/blogsaverroes.juntadeandalucia.es\/iesgaviota\/wp-json\/wp\/v2\/types\/post"}],"author":[{"embeddable":true,"href":"https:\/\/blogsaverroes.juntadeandalucia.es\/iesgaviota\/wp-json\/wp\/v2\/users\/3385"}],"replies":[{"embeddable":true,"href":"https:\/\/blogsaverroes.juntadeandalucia.es\/iesgaviota\/wp-json\/wp\/v2\/comments?post=11434"}],"version-history":[{"count":2,"href":"https:\/\/blogsaverroes.juntadeandalucia.es\/iesgaviota\/wp-json\/wp\/v2\/posts\/11434\/revisions"}],"predecessor-version":[{"id":11440,"href":"https:\/\/blogsaverroes.juntadeandalucia.es\/iesgaviota\/wp-json\/wp\/v2\/posts\/11434\/revisions\/11440"}],"wp:featuredmedia":[{"embeddable":true,"href":"https:\/\/blogsaverroes.juntadeandalucia.es\/iesgaviota\/wp-json\/wp\/v2\/media\/11435"}],"wp:attachment":[{"href":"https:\/\/blogsaverroes.juntadeandalucia.es\/iesgaviota\/wp-json\/wp\/v2\/media?parent=11434"}],"wp:term":[{"taxonomy":"category","embeddable":true,"href":"https:\/\/blogsaverroes.juntadeandalucia.es\/iesgaviota\/wp-json\/wp\/v2\/categories?post=11434"},{"taxonomy":"post_tag","embeddable":true,"href":"https:\/\/blogsaverroes.juntadeandalucia.es\/iesgaviota\/wp-json\/wp\/v2\/tags?post=11434"}],"curies":[{"name":"wp","href":"https:\/\/api.w.org\/{rel}","templated":true}]}}