{"id":11601,"date":"2025-12-12T12:35:29","date_gmt":"2025-12-12T11:35:29","guid":{"rendered":"https:\/\/blogsaverroes.juntadeandalucia.es\/iesgaviota\/?p=11601"},"modified":"2025-12-12T12:35:29","modified_gmt":"2025-12-12T11:35:29","slug":"debate-el-poder-de-la-palabra","status":"publish","type":"post","link":"https:\/\/blogsaverroes.juntadeandalucia.es\/iesgaviota\/debate-el-poder-de-la-palabra\/","title":{"rendered":"Debate: El poder de la palabra"},"content":{"rendered":"<p>#El poder de la palabra#El pasado 28 de noviembre dos equipos de nuestro centro IES Gaviota, asistieron al concurso de debate de la fundaci\u00f3n Eduarda Justo: \u00abAlmer\u00eda, El poder de la palabra\u00bb celebrado en las instalaciones centrales de Cosentino.&nbsp;<\/p>\n<p>&nbsp;<\/p>\n<p>Durante estos dos meses de intenso trabajo, 10 alumnas\/os de 1\u2070 Bachillerato han dado un paso m\u00e1s en su capacidad para trabajar en equipo, construir argumentos, ver una misma realidad con distintos puntos de vista y, sobre todo, expresar con razonamientos y evidencias en sus argumentos.&nbsp;<\/p>\n<p>&nbsp;<\/p>\n<p>Menci\u00f3n especial a nuestras compa\u00f1eras que consiguieron un 4\u2070 puesto de entre m\u00e1s de 30 equipos como las que debatieron como si no fuera la primera vez en un certamen de este tipo.<\/p>\n<p>&nbsp;<\/p>\n<p>En un mundo en el que parece que en el debate p\u00fablico, el ruido parece ensordecer a nuestro alumnado, pero est\u00e1 adquiriendo las habilidades para debatir usando la palabra y la raz\u00f3n. Enhorabuena!!<\/p>\n<p>&nbsp;<\/p>\n<p><a href=\"https:\/\/blogsaverroes.juntadeandalucia.es\/iesgaviota\/files\/2025\/12\/IMG-20251212-WA0000.jpg\"><img loading=\"lazy\" decoding=\"async\" class=\"aligncenter size-full wp-image-11602\" src=\"https:\/\/blogsaverroes.juntadeandalucia.es\/iesgaviota\/files\/2025\/12\/IMG-20251212-WA0000.jpg\" alt=\"\" width=\"1220\" height=\"924\" srcset=\"https:\/\/blogsaverroes.juntadeandalucia.es\/iesgaviota\/files\/2025\/12\/IMG-20251212-WA0000.jpg 1220w, https:\/\/blogsaverroes.juntadeandalucia.es\/iesgaviota\/files\/2025\/12\/IMG-20251212-WA0000-300x227.jpg 300w, https:\/\/blogsaverroes.juntadeandalucia.es\/iesgaviota\/files\/2025\/12\/IMG-20251212-WA0000-1024x776.jpg 1024w, https:\/\/blogsaverroes.juntadeandalucia.es\/iesgaviota\/files\/2025\/12\/IMG-20251212-WA0000-768x582.jpg 768w\" sizes=\"(max-width: 1220px) 100vw, 1220px\" \/><\/a> <a href=\"https:\/\/blogsaverroes.juntadeandalucia.es\/iesgaviota\/files\/2025\/12\/IMG-20251212-WA0001.jpg\"><img loading=\"lazy\" decoding=\"async\" class=\"aligncenter size-full wp-image-11603\" src=\"https:\/\/blogsaverroes.juntadeandalucia.es\/iesgaviota\/files\/2025\/12\/IMG-20251212-WA0001.jpg\" alt=\"\" width=\"1280\" height=\"960\" srcset=\"https:\/\/blogsaverroes.juntadeandalucia.es\/iesgaviota\/files\/2025\/12\/IMG-20251212-WA0001.jpg 1280w, https:\/\/blogsaverroes.juntadeandalucia.es\/iesgaviota\/files\/2025\/12\/IMG-20251212-WA0001-300x225.jpg 300w, https:\/\/blogsaverroes.juntadeandalucia.es\/iesgaviota\/files\/2025\/12\/IMG-20251212-WA0001-1024x768.jpg 1024w, https:\/\/blogsaverroes.juntadeandalucia.es\/iesgaviota\/files\/2025\/12\/IMG-20251212-WA0001-768x576.jpg 768w\" sizes=\"(max-width: 1280px) 100vw, 1280px\" \/><\/a><\/p>\n","protected":false},"excerpt":{"rendered":"<p>#El poder de la palabra#El pasado 28 de noviembre dos equipos de nuestro centro IES Gaviota, asistieron al concurso de debate de la fundaci\u00f3n Eduarda Justo: \u00abAlmer\u00eda, El poder de la palabra\u00bb celebrado en&#46;&#46;&#46;<\/p>\n","protected":false},"author":3385,"featured_media":11603,"comment_status":"open","ping_status":"open","sticky":false,"template":"","format":"standard","meta":{"ngg_post_thumbnail":0,"footnotes":""},"categories":[11909],"tags":[],"aioseo_notices":[],"_links":{"self":[{"href":"https:\/\/blogsaverroes.juntadeandalucia.es\/iesgaviota\/wp-json\/wp\/v2\/posts\/11601"}],"collection":[{"href":"https:\/\/blogsaverroes.juntadeandalucia.es\/iesgaviota\/wp-json\/wp\/v2\/posts"}],"about":[{"href":"https:\/\/blogsaverroes.juntadeandalucia.es\/iesgaviota\/wp-json\/wp\/v2\/types\/post"}],"author":[{"embeddable":true,"href":"https:\/\/blogsaverroes.juntadeandalucia.es\/iesgaviota\/wp-json\/wp\/v2\/users\/3385"}],"replies":[{"embeddable":true,"href":"https:\/\/blogsaverroes.juntadeandalucia.es\/iesgaviota\/wp-json\/wp\/v2\/comments?post=11601"}],"version-history":[{"count":1,"href":"https:\/\/blogsaverroes.juntadeandalucia.es\/iesgaviota\/wp-json\/wp\/v2\/posts\/11601\/revisions"}],"predecessor-version":[{"id":11604,"href":"https:\/\/blogsaverroes.juntadeandalucia.es\/iesgaviota\/wp-json\/wp\/v2\/posts\/11601\/revisions\/11604"}],"wp:featuredmedia":[{"embeddable":true,"href":"https:\/\/blogsaverroes.juntadeandalucia.es\/iesgaviota\/wp-json\/wp\/v2\/media\/11603"}],"wp:attachment":[{"href":"https:\/\/blogsaverroes.juntadeandalucia.es\/iesgaviota\/wp-json\/wp\/v2\/media?parent=11601"}],"wp:term":[{"taxonomy":"category","embeddable":true,"href":"https:\/\/blogsaverroes.juntadeandalucia.es\/iesgaviota\/wp-json\/wp\/v2\/categories?post=11601"},{"taxonomy":"post_tag","embeddable":true,"href":"https:\/\/blogsaverroes.juntadeandalucia.es\/iesgaviota\/wp-json\/wp\/v2\/tags?post=11601"}],"curies":[{"name":"wp","href":"https:\/\/api.w.org\/{rel}","templated":true}]}}