{"id":1394,"date":"2022-04-22T19:57:24","date_gmt":"2022-04-22T18:57:24","guid":{"rendered":"https:\/\/blogsaverroes.juntadeandalucia.es\/iesgbrenan\/?p=1394"},"modified":"2022-04-22T19:57:24","modified_gmt":"2022-04-22T18:57:24","slug":"feria-solidaria-del-libro","status":"publish","type":"post","link":"https:\/\/blogsaverroes.juntadeandalucia.es\/iesgbrenan\/feria-solidaria-del-libro\/","title":{"rendered":"Feria solidaria del libro"},"content":{"rendered":"<p style=\"padding-left: 40px\">&nbsp; <img loading=\"lazy\" decoding=\"async\" class=\"wp-image-1395 alignleft\" src=\"https:\/\/blogsaverroes.juntadeandalucia.es\/iesgbrenan\/files\/2022\/04\/Feria-libro-210x300.jpg\" alt=\"\" width=\"285\" height=\"407\"><\/p>\n<p style=\"padding-left: 40px;text-align: justify\">Participa en la <em><strong>Feria Solidaria del Libro.&nbsp; <\/strong><\/em><\/p>\n<p style=\"padding-left: 40px;text-align: justify\">Puedes colaborar trayendo un libro que ya hayas le\u00eddo y entreg\u00e1ndolo a tu profesor o profesora de lengua y tambi\u00e9n comprando en el mercadillo alg\u00fan libro donado por otra persona.&nbsp;<\/p>\n<p style=\"padding-left: 40px;text-align: center\">\u00a1El precio de todos los libros oscilar\u00e1 entre uno y tres euros!<\/p>\n<p style=\"text-align: justify\">El mercadillo estar\u00e1 en funcionamiento en el antiguo gimnasio durante la semana del 25 al 29 de abril a la hora del recreo.<\/p>\n<p style=\"text-align: justify\">El dinero recaudado se destinar\u00e1 a los estudios de Niruta Gurung, la chica hu\u00e9rfana de Nepal cuyos esudios becamos desde el instituto en colaboraci\u00f3n con la&nbsp;<a href=\"http:\/\/www.ruta6.org\/\"><span style=\"color: #3366ff\"><strong>ONG Ruta6.<\/strong><\/span><\/a><\/p>\n","protected":false},"excerpt":{"rendered":"<p>&nbsp; Participa en la Feria Solidaria del Libro.&nbsp; Puedes colaborar trayendo un libro que ya hayas le\u00eddo y entreg\u00e1ndolo a tu profesor o profesora de lengua y tambi\u00e9n comprando en el mercadillo alg\u00fan libro donado por otra persona.&nbsp; \u00a1El precio de todos los libros oscilar\u00e1 entre uno y tres euros! El mercadillo estar\u00e1 en funcionamiento [&hellip;]<\/p>\n","protected":false},"author":13419,"featured_media":0,"comment_status":"closed","ping_status":"open","sticky":false,"template":"","format":"standard","meta":{"_et_pb_use_builder":"","_et_pb_old_content":"","_et_gb_content_width":"","ngg_post_thumbnail":0,"footnotes":""},"categories":[22,35],"tags":[19,23,36],"aioseo_notices":[],"_links":{"self":[{"href":"https:\/\/blogsaverroes.juntadeandalucia.es\/iesgbrenan\/wp-json\/wp\/v2\/posts\/1394"}],"collection":[{"href":"https:\/\/blogsaverroes.juntadeandalucia.es\/iesgbrenan\/wp-json\/wp\/v2\/posts"}],"about":[{"href":"https:\/\/blogsaverroes.juntadeandalucia.es\/iesgbrenan\/wp-json\/wp\/v2\/types\/post"}],"author":[{"embeddable":true,"href":"https:\/\/blogsaverroes.juntadeandalucia.es\/iesgbrenan\/wp-json\/wp\/v2\/users\/13419"}],"replies":[{"embeddable":true,"href":"https:\/\/blogsaverroes.juntadeandalucia.es\/iesgbrenan\/wp-json\/wp\/v2\/comments?post=1394"}],"version-history":[{"count":3,"href":"https:\/\/blogsaverroes.juntadeandalucia.es\/iesgbrenan\/wp-json\/wp\/v2\/posts\/1394\/revisions"}],"predecessor-version":[{"id":1398,"href":"https:\/\/blogsaverroes.juntadeandalucia.es\/iesgbrenan\/wp-json\/wp\/v2\/posts\/1394\/revisions\/1398"}],"wp:attachment":[{"href":"https:\/\/blogsaverroes.juntadeandalucia.es\/iesgbrenan\/wp-json\/wp\/v2\/media?parent=1394"}],"wp:term":[{"taxonomy":"category","embeddable":true,"href":"https:\/\/blogsaverroes.juntadeandalucia.es\/iesgbrenan\/wp-json\/wp\/v2\/categories?post=1394"},{"taxonomy":"post_tag","embeddable":true,"href":"https:\/\/blogsaverroes.juntadeandalucia.es\/iesgbrenan\/wp-json\/wp\/v2\/tags?post=1394"}],"curies":[{"name":"wp","href":"https:\/\/api.w.org\/{rel}","templated":true}]}}