{"id":3851,"date":"2024-04-05T19:48:46","date_gmt":"2024-04-05T18:48:46","guid":{"rendered":"https:\/\/blogsaverroes.juntadeandalucia.es\/iesgbrenan\/?p=3851"},"modified":"2024-04-05T19:53:59","modified_gmt":"2024-04-05T18:53:59","slug":"programa-erasmus-curso-2023-2024","status":"publish","type":"post","link":"https:\/\/blogsaverroes.juntadeandalucia.es\/iesgbrenan\/programa-erasmus-curso-2023-2024\/","title":{"rendered":"Programa Erasmus+ curso 2023\/2024"},"content":{"rendered":"ngg_shortcode_0_placeholder\n<p class=\"western\" style=\"text-align: justify\" align=\"left\"><span style=\"font-size: small\"><span lang=\"es-ES-u-co-trad\"><b>Ocho estudiantes de Formaci\u00f3n Profesional de nuestro centro inician tres meses de pr\u00e1cticas en Alemania e Italia becados por el programa <span style=\"color: #0000ff\"><a style=\"color: #0000ff\" href=\"http:\/\/www.erasmusplus.gob.es\/\"><em>Erasmus<\/em><\/a><\/span><\/b><\/span><\/span><span style=\"font-size: small;color: #0000ff\"><span lang=\"es-ES-u-co-trad\"><em>+<\/em> <\/span><\/span><\/p>\n<p class=\"western\" style=\"text-align: justify\"><span style=\"font-size: small\"><span lang=\"es-ES-u-co-trad\">Durante la semana previa a las vacaciones de Semana Santa, el d\u00eda 19 los estudiantes con destino a <\/span><\/span><span style=\"font-size: small\"><span lang=\"es-ES-u-co-trad\"><i><b>Berl\u00edn<\/b><\/i><\/span><\/span><span style=\"font-size: small\"><span lang=\"es-ES-u-co-trad\"> (Alemania) y el d\u00eda 21 aquellos con destino a <\/span><\/span><span style=\"font-size: small\"><span lang=\"es-ES-u-co-trad\"><i><b>Arezzo<\/b><\/i><\/span><\/span><span style=\"font-size: small\"><span lang=\"es-ES-u-co-trad\"> (en la Toscana italiana),<\/span><\/span><span style=\"font-size: small\"><span lang=\"es-ES-u-co-trad\"> ocho estudiantes de segundo curso de los Ciclos Formativos de Grado Medio de Sistemas Microinform\u00e1ticos y Redes y de Gesti\u00f3n Administrativa iniciaron su movilidad para realizar pr\u00e1cticas en diferentes empresas de ambas ciudades, <\/span><\/span><span style=\"font-size: small\"><span lang=\"es-ES-u-co-trad\"><i><b>durante tres meses<\/b><\/i><\/span><\/span><span style=\"font-size: small\"><span lang=\"es-ES-u-co-trad\">, tras superar con \u00e9xito un proceso de selecci\u00f3n en el que se tuvieron en cuenta tanto su expediente acad\u00e9mico, como su nivel de ingl\u00e9s y sus habilidades profesionales y personales.<\/span><\/span><\/p>\n<p class=\"western\" style=\"text-align: justify\"><span style=\"font-size: small\"><span lang=\"es-ES-u-co-trad\">Todos ellos son beneficiarios, a trav\u00e9s del Programa <\/span><\/span><span style=\"font-size: small\"><span lang=\"es-ES-u-co-trad\"><i><b>Erasmus+<\/b><\/i><\/span><\/span><span style=\"font-size: small\"><span lang=\"es-ES-u-co-trad\">, de una generosa <\/span><\/span><span style=\"font-size: small\"><span lang=\"es-ES-u-co-trad\"><i><b>beca<\/b><\/i><\/span><\/span><span style=\"font-size: small\"><span lang=\"es-ES-u-co-trad\"> que cubre \u00edntegramente los gastos de viaje, alojamiento, manutenci\u00f3n y otros gastos personales en esos tres meses.<\/span><\/span><\/p>\n<p class=\"western\" style=\"text-align: justify\"><span style=\"font-size: small\"><span lang=\"es-ES-u-co-trad\">Esta actividad se enmarca dentro del Segundo Proyecto<strong><em> Erasmus<\/em><\/strong> desarrollado por nuestro centro y es continuaci\u00f3n del <strong>Primer Proyecto<\/strong> llevado a cabo durante el curso pasado con excelentes resultados. Ya hemos solicitado tambi\u00e9n el Tercer Proyecto <em>Erasmus<\/em> para el curso 2024\/25, que est\u00e1n pendiente de aprobaci\u00f3n. Pertenece a la l\u00ednea de ayuda <\/span><\/span><span style=\"font-size: small\"><span lang=\"es-ES-u-co-trad\"><i><b>Proyectos de corta duraci\u00f3n para la movilidad de estudiantes y personal de Formaci\u00f3n Profesional<\/b><\/i><\/span><\/span><span style=\"font-size: small\"><span lang=\"es-ES-u-co-trad\">, dentro del programa de la Uni\u00f3n Europea<em> ERASMUS+<\/em>, que busca mejorar la calidad de la Formaci\u00f3n Profesional en Europa, ofreciendo a los alumnos de Ciclos Formativos la oportunidad de realizar pr\u00e1cticas en el extranjero para aumentar su empleabilidad y mejorar sus expectativas laborales, facilit\u00e1ndoles la transici\u00f3n del \u00e1mbito de la educaci\u00f3n y la formaci\u00f3n al mercado laboral, fomentar del uso de lenguas extranjeras como veh\u00edculo de colaboraci\u00f3n y participaci\u00f3n en el ejercicio de la ciudadan\u00eda europea y establecer redes de cooperaci\u00f3n internacional entre los centros educativos y&nbsp;empresas e Instituciones.<\/span><\/span><\/p>\n<p class=\"western\" style=\"text-align: justify\"><span style=\"font-size: small\"><span lang=\"es-ES-u-co-trad\"><i><b>\u00a1Enhorabuena<\/b><\/i><\/span><\/span><span style=\"font-size: small\"><span lang=\"es-ES-u-co-trad\"><i><b>,<\/b><\/i><\/span><\/span><span style=\"font-size: small\"><span lang=\"es-ES-u-co-trad\"><i><b> chicos y chicas! Os deseamos que aprovech\u00e9is y disfrut\u00e9is de vuestra estancia en Alemania e Italia y que, a la vuelta en junio, compart\u00e1is con nosotros c\u00f3mo ha resultado esta fabulosa experiencia.<\/b><\/i><\/span><\/span><\/p>\n","protected":false},"excerpt":{"rendered":"<p>Ocho estudiantes de Formaci\u00f3n Profesional de nuestro centro inician tres meses de pr\u00e1cticas en Alemania e Italia becados por el programa Erasmus+ Durante la semana previa a las vacaciones de Semana Santa, el d\u00eda 19 los estudiantes con destino a Berl\u00edn (Alemania) y el d\u00eda 21 aquellos con destino a Arezzo (en la Toscana italiana), [&hellip;]<\/p>\n","protected":false},"author":13419,"featured_media":0,"comment_status":"closed","ping_status":"open","sticky":false,"template":"","format":"standard","meta":{"_et_pb_use_builder":"","_et_pb_old_content":"","_et_gb_content_width":"","ngg_post_thumbnail":0,"footnotes":""},"categories":[56,10,29],"tags":[19,47,11,30],"aioseo_notices":[],"_links":{"self":[{"href":"https:\/\/blogsaverroes.juntadeandalucia.es\/iesgbrenan\/wp-json\/wp\/v2\/posts\/3851"}],"collection":[{"href":"https:\/\/blogsaverroes.juntadeandalucia.es\/iesgbrenan\/wp-json\/wp\/v2\/posts"}],"about":[{"href":"https:\/\/blogsaverroes.juntadeandalucia.es\/iesgbrenan\/wp-json\/wp\/v2\/types\/post"}],"author":[{"embeddable":true,"href":"https:\/\/blogsaverroes.juntadeandalucia.es\/iesgbrenan\/wp-json\/wp\/v2\/users\/13419"}],"replies":[{"embeddable":true,"href":"https:\/\/blogsaverroes.juntadeandalucia.es\/iesgbrenan\/wp-json\/wp\/v2\/comments?post=3851"}],"version-history":[{"count":3,"href":"https:\/\/blogsaverroes.juntadeandalucia.es\/iesgbrenan\/wp-json\/wp\/v2\/posts\/3851\/revisions"}],"predecessor-version":[{"id":3857,"href":"https:\/\/blogsaverroes.juntadeandalucia.es\/iesgbrenan\/wp-json\/wp\/v2\/posts\/3851\/revisions\/3857"}],"wp:attachment":[{"href":"https:\/\/blogsaverroes.juntadeandalucia.es\/iesgbrenan\/wp-json\/wp\/v2\/media?parent=3851"}],"wp:term":[{"taxonomy":"category","embeddable":true,"href":"https:\/\/blogsaverroes.juntadeandalucia.es\/iesgbrenan\/wp-json\/wp\/v2\/categories?post=3851"},{"taxonomy":"post_tag","embeddable":true,"href":"https:\/\/blogsaverroes.juntadeandalucia.es\/iesgbrenan\/wp-json\/wp\/v2\/tags?post=3851"}],"curies":[{"name":"wp","href":"https:\/\/api.w.org\/{rel}","templated":true}]}}