{"id":4352,"date":"2024-06-27T20:23:49","date_gmt":"2024-06-27T19:23:49","guid":{"rendered":"https:\/\/blogsaverroes.juntadeandalucia.es\/iesgbrenan\/?p=4352"},"modified":"2024-06-27T20:23:49","modified_gmt":"2024-06-27T19:23:49","slug":"finaliza-el-2o-proyecto-erasmus","status":"publish","type":"post","link":"https:\/\/blogsaverroes.juntadeandalucia.es\/iesgbrenan\/finaliza-el-2o-proyecto-erasmus\/","title":{"rendered":"Finaliza el 2\u00ba proyecto Erasmus+"},"content":{"rendered":"<p class=\"western\" style=\"text-align: justify\" align=\"left\"><span style=\"font-size: small\"><span lang=\"es-ES\"><b>Finaliza con \u00e9xito el Segundo <a href=\"http:\/\/www.erasmusplus.gob.es\/\"><span style=\"color: #0000ff\">Proyecto ERASMUS+<\/span><\/a> del IES Gerald Brenan<\/b><\/span><\/span><span style=\"font-size: small\"><span lang=\"es-ES-u-co-trad\"><b>.<\/b><\/span><\/span><\/p>\n<p style=\"text-align: justify\" align=\"left\"><span style=\"font-size: small\"><img loading=\"lazy\" decoding=\"async\" class=\"size-medium wp-image-4353 alignleft\" src=\"https:\/\/blogsaverroes.juntadeandalucia.es\/iesgbrenan\/files\/2024\/06\/Logo-Erasmus-Segundo-Proyecto-300x283.png\" alt=\"\" width=\"300\" height=\"283\">El pasado jueves 20 de junio, los ocho estudiantes de segundo curso de nuestros ciclos formativos de grado medio de <em>Sistemas Microinform\u00e1ticos y Redes<\/em> y de <em>Gesti\u00f3n Administrativa<\/em> del IES Gerald Brenan, que se encontraban en Berl\u00edn (Alemania) y Arezzo (Italia) continuando con su formaci\u00f3n pr\u00e1ctica en diferentes empresas de ambas ciudades, regresaron a casa, dando as\u00ed por concluida su estancia de tres meses en el extranjero, superando con \u00e9xito el curso y obteniendo su oportuno t\u00edtulo de T\u00e9cnico en el ciclo correspondiente.<\/span><\/p>\n<p style=\"text-align: center\" align=\"left\"><span style=\"font-size: small\"><b>\u00a1\u00a1Bienvenidos\/as chicos y chicas y enhorabuena!!<\/b><\/span><\/p>\n<p align=\"left\"><span style=\"font-size: small\">Como ya hemos informado en ocasiones anteriores, todos ellos han recibido una beca que cubre \u00edntegramente los gastos de viaje, alojamiento, manutenci\u00f3n y otros gastos personales durante su estancia.&nbsp; <\/span><\/p>\n<p style=\"text-align: justify\" align=\"left\"><span style=\"font-size: small\"><span lang=\"es-ES-u-co-trad\">Se trata de la actividad m\u00e1s importante contemplada en el proyecto que ahora finaliza<\/span><\/span><span style=\"font-size: small\"><span lang=\"es-ES-u-co-trad\">,<\/span><\/span><span style=\"font-size: small\"><span lang=\"es-ES-u-co-trad\"> pero no la \u00fanica, puesto que a ella hay que a\u00f1adir las realizadas por el profesorado con diversos objetivos.<\/span><\/span><\/p>\n<p style=\"text-align: justify\" align=\"left\"><span style=\"font-size: small\">Con el fin de conocer de primera mano<strong> el sistema alem\u00e1n de formaci\u00f3n profesional Dual<\/strong>, los profesores Miguel Romero, Juan Jos\u00e9 Haro y Pedro Rodr\u00edguez, de los ciclos formativos de Grado de Medio de <em>Sistemas Microinform\u00e1ticos y Redes<\/em> y de <em>Gesti\u00f3n Administrativa<\/em>, respectivamente, junto con otro profesorado de distintos centros de Andaluc\u00eda, se desplazaron a la ciudad de Berl\u00edn (Alemania) para realizar una actividad de <em>\u201cjob shadowing<\/em>\u201d (aprendizaje por observaci\u00f3n) durante una semana, del 12 al 18 de mayo.<\/span><\/p>\n<p align=\"left\"><span style=\"font-size: small\">Asimismo, las profesoras Isabel Lara y Ana Isabel Guerrero, asistieron a un curso intensivo de italiano, nivel B1, en la ciudad de Florencia (Italia), del 20 al 25 de mayo.<\/span><\/p>\n<p style=\"text-align: justify\" align=\"left\"><span style=\"font-size: small\">Por \u00faltimo, los profesores Juan Castillo y Miguel Romero tuvieron la ocasi\u00f3n de visitar al alumnado que se encontraba realizando sus pr\u00e1cticas formativas en Arezzo (Italia), del 4 al 7 de junio. Durante su breve estancia comprobaron <em>\u201cin situ<\/em>\u201d el desempe\u00f1o de los estudiantes en sus puestos de trabajo distribuidos por las diferentes empresas colaboradoras y el desarrollo de su formaci\u00f3n.<\/span><\/p>\nngg_shortcode_0_placeholder\n","protected":false},"excerpt":{"rendered":"<p>Finaliza con \u00e9xito el Segundo Proyecto ERASMUS+ del IES Gerald Brenan. El pasado jueves 20 de junio, los ocho estudiantes de segundo curso de nuestros ciclos formativos de grado medio de Sistemas Microinform\u00e1ticos y Redes y de Gesti\u00f3n Administrativa del IES Gerald Brenan, que se encontraban en Berl\u00edn (Alemania) y Arezzo (Italia) continuando con su [&hellip;]<\/p>\n","protected":false},"author":13419,"featured_media":0,"comment_status":"closed","ping_status":"open","sticky":false,"template":"","format":"standard","meta":{"_et_pb_use_builder":"","_et_pb_old_content":"","_et_gb_content_width":"","ngg_post_thumbnail":0,"footnotes":""},"categories":[56,10,29],"tags":[47,11,30],"aioseo_notices":[],"_links":{"self":[{"href":"https:\/\/blogsaverroes.juntadeandalucia.es\/iesgbrenan\/wp-json\/wp\/v2\/posts\/4352"}],"collection":[{"href":"https:\/\/blogsaverroes.juntadeandalucia.es\/iesgbrenan\/wp-json\/wp\/v2\/posts"}],"about":[{"href":"https:\/\/blogsaverroes.juntadeandalucia.es\/iesgbrenan\/wp-json\/wp\/v2\/types\/post"}],"author":[{"embeddable":true,"href":"https:\/\/blogsaverroes.juntadeandalucia.es\/iesgbrenan\/wp-json\/wp\/v2\/users\/13419"}],"replies":[{"embeddable":true,"href":"https:\/\/blogsaverroes.juntadeandalucia.es\/iesgbrenan\/wp-json\/wp\/v2\/comments?post=4352"}],"version-history":[{"count":3,"href":"https:\/\/blogsaverroes.juntadeandalucia.es\/iesgbrenan\/wp-json\/wp\/v2\/posts\/4352\/revisions"}],"predecessor-version":[{"id":4366,"href":"https:\/\/blogsaverroes.juntadeandalucia.es\/iesgbrenan\/wp-json\/wp\/v2\/posts\/4352\/revisions\/4366"}],"wp:attachment":[{"href":"https:\/\/blogsaverroes.juntadeandalucia.es\/iesgbrenan\/wp-json\/wp\/v2\/media?parent=4352"}],"wp:term":[{"taxonomy":"category","embeddable":true,"href":"https:\/\/blogsaverroes.juntadeandalucia.es\/iesgbrenan\/wp-json\/wp\/v2\/categories?post=4352"},{"taxonomy":"post_tag","embeddable":true,"href":"https:\/\/blogsaverroes.juntadeandalucia.es\/iesgbrenan\/wp-json\/wp\/v2\/tags?post=4352"}],"curies":[{"name":"wp","href":"https:\/\/api.w.org\/{rel}","templated":true}]}}