{"id":4694,"date":"2025-01-29T10:44:43","date_gmt":"2025-01-29T09:44:43","guid":{"rendered":"https:\/\/blogsaverroes.juntadeandalucia.es\/iesgbrenan\/?p=4694"},"modified":"2025-01-29T10:59:33","modified_gmt":"2025-01-29T09:59:33","slug":"4694-2","status":"publish","type":"post","link":"https:\/\/blogsaverroes.juntadeandalucia.es\/iesgbrenan\/4694-2\/","title":{"rendered":"Renovamos acreditaci\u00f3n Erasmus +"},"content":{"rendered":"<p style=\"text-align: justify\"><img loading=\"lazy\" decoding=\"async\" class=\"size-medium wp-image-4695 alignleft\" src=\"https:\/\/blogsaverroes.juntadeandalucia.es\/iesgbrenan\/files\/2025\/01\/WhatsApp-Image-2025-01-28-at-12.05.38-300x167.jpeg\" alt=\"\" width=\"300\" height=\"167\">Estamos de enhorabuena, el IES Gerald Brenan ha conseguido la <strong>acreditaci\u00f3n <em>Erasmus +<\/em> en el \u00e1mbito de la Formaci\u00f3n Profesional<\/strong> para seguir realizando proyectos internacionales hasta el curso 2027.<\/p>\n<p style=\"text-align: justify\">Actualmente estamos ejecutando el <strong>Tercer Proyecto <em>Erasmus<\/em><\/strong>, donde ocho de nuestros estudiantes de Formaci\u00f3n Profesional realizar\u00e1n pr\u00e1cticas Formativas en Empresas Europeas durante tres meses, entre Marzo y Junio.<\/p>\n<p style=\"text-align: justify\">Como en a\u00f1os anteriores, el profesorado de ciclos formativos realizar\u00e1 visitas de trabajo a diferentes empresas y centros de FP europeos, realizando tambi\u00e9n cursos de formaci\u00f3n en dicho \u00e1mbito.<strong> Con esta nueva acreditaci\u00f3n obtenida podremos ampliar nuestros Proyectos <em>Erasmus +<\/em> dos a\u00f1os m\u00e1s.<\/strong><\/p>\n","protected":false},"excerpt":{"rendered":"<p>Estamos de enhorabuena, el IES Gerald Brenan ha conseguido la acreditaci\u00f3n Erasmus + en el \u00e1mbito de la Formaci\u00f3n Profesional para seguir realizando proyectos internacionales hasta el curso 2027. Actualmente estamos ejecutando el Tercer Proyecto Erasmus, donde ocho de nuestros estudiantes de Formaci\u00f3n Profesional realizar\u00e1n pr\u00e1cticas Formativas en Empresas Europeas durante tres meses, entre Marzo [&hellip;]<\/p>\n","protected":false},"author":13419,"featured_media":0,"comment_status":"closed","ping_status":"open","sticky":false,"template":"","format":"standard","meta":{"_et_pb_use_builder":"","_et_pb_old_content":"","_et_gb_content_width":"","ngg_post_thumbnail":0,"footnotes":""},"categories":[56,10,29],"tags":[47,11,30],"aioseo_notices":[],"_links":{"self":[{"href":"https:\/\/blogsaverroes.juntadeandalucia.es\/iesgbrenan\/wp-json\/wp\/v2\/posts\/4694"}],"collection":[{"href":"https:\/\/blogsaverroes.juntadeandalucia.es\/iesgbrenan\/wp-json\/wp\/v2\/posts"}],"about":[{"href":"https:\/\/blogsaverroes.juntadeandalucia.es\/iesgbrenan\/wp-json\/wp\/v2\/types\/post"}],"author":[{"embeddable":true,"href":"https:\/\/blogsaverroes.juntadeandalucia.es\/iesgbrenan\/wp-json\/wp\/v2\/users\/13419"}],"replies":[{"embeddable":true,"href":"https:\/\/blogsaverroes.juntadeandalucia.es\/iesgbrenan\/wp-json\/wp\/v2\/comments?post=4694"}],"version-history":[{"count":6,"href":"https:\/\/blogsaverroes.juntadeandalucia.es\/iesgbrenan\/wp-json\/wp\/v2\/posts\/4694\/revisions"}],"predecessor-version":[{"id":4702,"href":"https:\/\/blogsaverroes.juntadeandalucia.es\/iesgbrenan\/wp-json\/wp\/v2\/posts\/4694\/revisions\/4702"}],"wp:attachment":[{"href":"https:\/\/blogsaverroes.juntadeandalucia.es\/iesgbrenan\/wp-json\/wp\/v2\/media?parent=4694"}],"wp:term":[{"taxonomy":"category","embeddable":true,"href":"https:\/\/blogsaverroes.juntadeandalucia.es\/iesgbrenan\/wp-json\/wp\/v2\/categories?post=4694"},{"taxonomy":"post_tag","embeddable":true,"href":"https:\/\/blogsaverroes.juntadeandalucia.es\/iesgbrenan\/wp-json\/wp\/v2\/tags?post=4694"}],"curies":[{"name":"wp","href":"https:\/\/api.w.org\/{rel}","templated":true}]}}