{"id":4720,"date":"2025-02-05T19:51:53","date_gmt":"2025-02-05T18:51:53","guid":{"rendered":"https:\/\/blogsaverroes.juntadeandalucia.es\/iesgbrenan\/?p=4720"},"modified":"2025-03-17T10:43:44","modified_gmt":"2025-03-17T09:43:44","slug":"dia-de-la-paz-30-enero-2025","status":"publish","type":"post","link":"https:\/\/blogsaverroes.juntadeandalucia.es\/iesgbrenan\/dia-de-la-paz-30-enero-2025\/","title":{"rendered":"D\u00eda de la Paz 30 enero 2025"},"content":{"rendered":"<p style=\"text-align: justify\">El jueves 30 de enero, <em><strong>D\u00eda Escolar de la No Violencia y la Paz,<\/strong><\/em> el IES Gerald Brenan organiz\u00f3 una jornada reivindicativa y festiva que quedar\u00e1 en la memoria de todos los presentes.<\/p>\n<p style=\"text-align: justify\">Los actos conmemorativos se iniciaron a las 10:00 de la ma\u00f1ana con la lectura del tradicional manifiesto por la paz a cargo del equipo de mediaci\u00f3n.&nbsp; Posteriormente, nuestra <strong><em>Brenan Band <\/em><\/strong>interpret\u00f3 el emocionante tema \u201c<em>Imagine<\/em>\u201d, dando inicio a las distintas actividades organizadas para este d\u00eda: mercadillo solidario; torneo de ajedrez; concurso \u201c<em>Peacemakers Quiz<\/em>\u201d; puestos de palomitas, muffins, cotton candy, dulces y huerto escolar; y talleres de pulseras, impresi\u00f3n 3D, chapas, tatuajes, jabones y velas.<\/p>\n<p style=\"text-align: justify\">El Departamento de Convivencia del IES Gerald Brenan agradece al AMPA y al Ayuntamiento de Alhaur\u00edn de la Torre su colaboraci\u00f3n en la organizaci\u00f3n de este d\u00eda tan especial.&nbsp; Hacemos extensivo el agradecimiento a la compa\u00f1era Carmen S\u00e1nchez, siempre al pie del ca\u00f1\u00f3n en la recaudaci\u00f3n del mercadillo solidario.<\/p>\nngg_shortcode_0_placeholder\n","protected":false},"excerpt":{"rendered":"<p>El jueves 30 de enero, D\u00eda Escolar de la No Violencia y la Paz, el IES Gerald Brenan organiz\u00f3 una jornada reivindicativa y festiva que quedar\u00e1 en la memoria de todos los presentes. Los actos conmemorativos se iniciaron a las 10:00 de la ma\u00f1ana con la lectura del tradicional manifiesto por la paz a cargo [&hellip;]<\/p>\n","protected":false},"author":13419,"featured_media":0,"comment_status":"closed","ping_status":"open","sticky":false,"template":"","format":"standard","meta":{"_et_pb_use_builder":"","_et_pb_old_content":"","_et_gb_content_width":"","ngg_post_thumbnail":0,"footnotes":""},"categories":[22],"tags":[19,23,37],"aioseo_notices":[],"_links":{"self":[{"href":"https:\/\/blogsaverroes.juntadeandalucia.es\/iesgbrenan\/wp-json\/wp\/v2\/posts\/4720"}],"collection":[{"href":"https:\/\/blogsaverroes.juntadeandalucia.es\/iesgbrenan\/wp-json\/wp\/v2\/posts"}],"about":[{"href":"https:\/\/blogsaverroes.juntadeandalucia.es\/iesgbrenan\/wp-json\/wp\/v2\/types\/post"}],"author":[{"embeddable":true,"href":"https:\/\/blogsaverroes.juntadeandalucia.es\/iesgbrenan\/wp-json\/wp\/v2\/users\/13419"}],"replies":[{"embeddable":true,"href":"https:\/\/blogsaverroes.juntadeandalucia.es\/iesgbrenan\/wp-json\/wp\/v2\/comments?post=4720"}],"version-history":[{"count":3,"href":"https:\/\/blogsaverroes.juntadeandalucia.es\/iesgbrenan\/wp-json\/wp\/v2\/posts\/4720\/revisions"}],"predecessor-version":[{"id":4933,"href":"https:\/\/blogsaverroes.juntadeandalucia.es\/iesgbrenan\/wp-json\/wp\/v2\/posts\/4720\/revisions\/4933"}],"wp:attachment":[{"href":"https:\/\/blogsaverroes.juntadeandalucia.es\/iesgbrenan\/wp-json\/wp\/v2\/media?parent=4720"}],"wp:term":[{"taxonomy":"category","embeddable":true,"href":"https:\/\/blogsaverroes.juntadeandalucia.es\/iesgbrenan\/wp-json\/wp\/v2\/categories?post=4720"},{"taxonomy":"post_tag","embeddable":true,"href":"https:\/\/blogsaverroes.juntadeandalucia.es\/iesgbrenan\/wp-json\/wp\/v2\/tags?post=4720"}],"curies":[{"name":"wp","href":"https:\/\/api.w.org\/{rel}","templated":true}]}}