{"id":4895,"date":"2025-02-24T09:58:12","date_gmt":"2025-02-24T08:58:12","guid":{"rendered":"https:\/\/blogsaverroes.juntadeandalucia.es\/iesgbrenan\/?p=4895"},"modified":"2025-02-24T09:58:12","modified_gmt":"2025-02-24T08:58:12","slug":"2o-bachillerato-en-paris","status":"publish","type":"post","link":"https:\/\/blogsaverroes.juntadeandalucia.es\/iesgbrenan\/2o-bachillerato-en-paris\/","title":{"rendered":"2\u00ba Bachillerato en Par\u00eds"},"content":{"rendered":"<p style=\"text-align: justify\">Viaje de estudios del alumnado de 2\u00ba Bachillerato a Par\u00eds, del 19 al 22 de febrero.&nbsp;<\/p>\n<p style=\"text-align: justify\">Un viaje fant\u00e1stico a esta ciudad europea tan emblem\u00e1tica que ha incluido la visita a los lugares imprescindibles y un d\u00eda en el parque Disney.&nbsp; Todos han vuelto con las pilas cargadas para la recta final de este curso que marcar\u00e1 el fin de una etapa en su vida.<\/p>\nngg_shortcode_0_placeholder\n","protected":false},"excerpt":{"rendered":"<p>Viaje de estudios del alumnado de 2\u00ba Bachillerato a Par\u00eds, del 19 al 22 de febrero.&nbsp; Un viaje fant\u00e1stico a esta ciudad europea tan emblem\u00e1tica que ha incluido la visita a los lugares imprescindibles y un d\u00eda en el parque Disney.&nbsp; Todos han vuelto con las pilas cargadas para la recta final de este curso [&hellip;]<\/p>\n","protected":false},"author":13419,"featured_media":0,"comment_status":"closed","ping_status":"open","sticky":false,"template":"","format":"standard","meta":{"_et_pb_use_builder":"","_et_pb_old_content":"","_et_gb_content_width":"","ngg_post_thumbnail":0,"footnotes":""},"categories":[10],"tags":[19,11],"aioseo_notices":[],"_links":{"self":[{"href":"https:\/\/blogsaverroes.juntadeandalucia.es\/iesgbrenan\/wp-json\/wp\/v2\/posts\/4895"}],"collection":[{"href":"https:\/\/blogsaverroes.juntadeandalucia.es\/iesgbrenan\/wp-json\/wp\/v2\/posts"}],"about":[{"href":"https:\/\/blogsaverroes.juntadeandalucia.es\/iesgbrenan\/wp-json\/wp\/v2\/types\/post"}],"author":[{"embeddable":true,"href":"https:\/\/blogsaverroes.juntadeandalucia.es\/iesgbrenan\/wp-json\/wp\/v2\/users\/13419"}],"replies":[{"embeddable":true,"href":"https:\/\/blogsaverroes.juntadeandalucia.es\/iesgbrenan\/wp-json\/wp\/v2\/comments?post=4895"}],"version-history":[{"count":1,"href":"https:\/\/blogsaverroes.juntadeandalucia.es\/iesgbrenan\/wp-json\/wp\/v2\/posts\/4895\/revisions"}],"predecessor-version":[{"id":4902,"href":"https:\/\/blogsaverroes.juntadeandalucia.es\/iesgbrenan\/wp-json\/wp\/v2\/posts\/4895\/revisions\/4902"}],"wp:attachment":[{"href":"https:\/\/blogsaverroes.juntadeandalucia.es\/iesgbrenan\/wp-json\/wp\/v2\/media?parent=4895"}],"wp:term":[{"taxonomy":"category","embeddable":true,"href":"https:\/\/blogsaverroes.juntadeandalucia.es\/iesgbrenan\/wp-json\/wp\/v2\/categories?post=4895"},{"taxonomy":"post_tag","embeddable":true,"href":"https:\/\/blogsaverroes.juntadeandalucia.es\/iesgbrenan\/wp-json\/wp\/v2\/tags?post=4895"}],"curies":[{"name":"wp","href":"https:\/\/api.w.org\/{rel}","templated":true}]}}