{"id":4979,"date":"2025-03-26T19:10:04","date_gmt":"2025-03-26T18:10:04","guid":{"rendered":"https:\/\/blogsaverroes.juntadeandalucia.es\/iesgbrenan\/?p=4979"},"modified":"2025-03-27T19:43:15","modified_gmt":"2025-03-27T18:43:15","slug":"la-naturaleza-en-el-aula-atal","status":"publish","type":"post","link":"https:\/\/blogsaverroes.juntadeandalucia.es\/iesgbrenan\/la-naturaleza-en-el-aula-atal\/","title":{"rendered":"La Naturaleza en el aula ATAL"},"content":{"rendered":"<p style=\"text-align: justify\">Proyecto de trabajo de interculturalidad con el alumnado del Aula Temporal de Adaptaci\u00f3n Ling\u00fc\u00edstica para concienciar sobre la importancia de la naturaleza en el planeta y en nuestras vidas.<\/p>\n<p style=\"text-align: justify\">Al preguntar al alumnado c\u00f3mo ayudar\u00edan a que la naturaleza est\u00e9 sana, sus respuestas han sido de gran inter\u00e9s.&nbsp; Sugieren, por ejemplo, dar dinero para plantar \u00e1rboles y flores; prohibir tirar basura al campo o al mar o impedir que se talen \u00e1rboles para proteger la selva. El alumnado ha comprendido que el ser humano es el primer responsable de los da\u00f1os a la naturaleza, como pudimos comprobar durante la pandemia del COVID, cuando se vieron animales por las ciudades y disminuy\u00f3 mucho el nivel de contaminaci\u00f3n en todas partes.<\/p>\n<p style=\"text-align: justify\">Como tema transversal, ha resultado una tarea motivadora que ha hecho reflexionar y expresar sus ideas al alumnado del aula ATAL del centro.&nbsp;&nbsp;<\/p>\n<p style=\"text-align: justify\"><img loading=\"lazy\" decoding=\"async\" class=\"alignnone wp-image-4980\" src=\"https:\/\/blogsaverroes.juntadeandalucia.es\/iesgbrenan\/files\/2025\/03\/1743009531190-300x252.jpg\" alt=\"\" width=\"312\" height=\"262\"> <img loading=\"lazy\" decoding=\"async\" class=\" wp-image-4981 alignright\" src=\"https:\/\/blogsaverroes.juntadeandalucia.es\/iesgbrenan\/files\/2025\/03\/1743009531222-300x216.jpg\" alt=\"\" width=\"372\" height=\"268\"><\/p>\n","protected":false},"excerpt":{"rendered":"<p>Proyecto de trabajo de interculturalidad con el alumnado del Aula Temporal de Adaptaci\u00f3n Ling\u00fc\u00edstica para concienciar sobre la importancia de la naturaleza en el planeta y en nuestras vidas. Al preguntar al alumnado c\u00f3mo ayudar\u00edan a que la naturaleza est\u00e9 sana, sus respuestas han sido de gran inter\u00e9s.&nbsp; Sugieren, por ejemplo, dar dinero para plantar [&hellip;]<\/p>\n","protected":false},"author":13419,"featured_media":0,"comment_status":"closed","ping_status":"open","sticky":false,"template":"","format":"standard","meta":{"_et_pb_use_builder":"","_et_pb_old_content":"","_et_gb_content_width":"","ngg_post_thumbnail":0,"footnotes":""},"categories":[66],"tags":[19,67],"aioseo_notices":[],"_links":{"self":[{"href":"https:\/\/blogsaverroes.juntadeandalucia.es\/iesgbrenan\/wp-json\/wp\/v2\/posts\/4979"}],"collection":[{"href":"https:\/\/blogsaverroes.juntadeandalucia.es\/iesgbrenan\/wp-json\/wp\/v2\/posts"}],"about":[{"href":"https:\/\/blogsaverroes.juntadeandalucia.es\/iesgbrenan\/wp-json\/wp\/v2\/types\/post"}],"author":[{"embeddable":true,"href":"https:\/\/blogsaverroes.juntadeandalucia.es\/iesgbrenan\/wp-json\/wp\/v2\/users\/13419"}],"replies":[{"embeddable":true,"href":"https:\/\/blogsaverroes.juntadeandalucia.es\/iesgbrenan\/wp-json\/wp\/v2\/comments?post=4979"}],"version-history":[{"count":4,"href":"https:\/\/blogsaverroes.juntadeandalucia.es\/iesgbrenan\/wp-json\/wp\/v2\/posts\/4979\/revisions"}],"predecessor-version":[{"id":5003,"href":"https:\/\/blogsaverroes.juntadeandalucia.es\/iesgbrenan\/wp-json\/wp\/v2\/posts\/4979\/revisions\/5003"}],"wp:attachment":[{"href":"https:\/\/blogsaverroes.juntadeandalucia.es\/iesgbrenan\/wp-json\/wp\/v2\/media?parent=4979"}],"wp:term":[{"taxonomy":"category","embeddable":true,"href":"https:\/\/blogsaverroes.juntadeandalucia.es\/iesgbrenan\/wp-json\/wp\/v2\/categories?post=4979"},{"taxonomy":"post_tag","embeddable":true,"href":"https:\/\/blogsaverroes.juntadeandalucia.es\/iesgbrenan\/wp-json\/wp\/v2\/tags?post=4979"}],"curies":[{"name":"wp","href":"https:\/\/api.w.org\/{rel}","templated":true}]}}