{"id":6232,"date":"2025-12-18T13:31:16","date_gmt":"2025-12-18T12:31:16","guid":{"rendered":"https:\/\/blogsaverroes.juntadeandalucia.es\/iesgbrenan\/?p=6232"},"modified":"2025-12-18T13:31:16","modified_gmt":"2025-12-18T12:31:16","slug":"wicked-2-en-version-original","status":"publish","type":"post","link":"https:\/\/blogsaverroes.juntadeandalucia.es\/iesgbrenan\/wicked-2-en-version-original\/","title":{"rendered":"WICKED 2 en versi\u00f3n original"},"content":{"rendered":"<p><img loading=\"lazy\" decoding=\"async\" class=\"wp-image-6235 alignleft\" src=\"https:\/\/blogsaverroes.juntadeandalucia.es\/iesgbrenan\/files\/2025\/12\/IMG_6734-181x300.jpg\" alt=\"\" width=\"151\" height=\"250\"><\/p>\n<p style=\"text-align: justify\">El Departamento de Ingl\u00e9s ha organizado una salida al cine con todos los grupos de 1\u00ba y 2\u00ba de Bachillerato el lunes 15 de diciembre.<\/p>\n<p style=\"text-align: justify\">Diciembre es un mes de estrenos y el departamento aprovecha la oportunidad para ver en versi\u00f3n original alguna pel\u00edcula interesante para el alumnado.&nbsp; En los cursos anteriores las elegidas fueron <strong>AVATAR:<\/strong><em><strong> el sentido del agua, <\/strong><\/em><em><strong>WONKA <\/strong><\/em>y <em><strong>WICKED 1<\/strong><\/em> . Este a\u00f1o le ha tocado el turno a <a href=\"https:\/\/www.youtube.com\/watch?v=c9asglQTTuE\"><span style=\"color: #0000ff\"><strong><em>WICKED 2&nbsp;<\/em><\/strong><\/span><\/a> una pel\u00edcula de fantas\u00eda musical protagonizada por Cynthia Erivo y Ariana Grande. Es la segunda de una adaptaci\u00f3n en dos partes del musical original.<\/p>\n<p style=\"text-align: justify\">Como siempre, nuestro alumnado se port\u00f3 fenomenal y la experiencia result\u00f3 interesante y amena.<\/p>\n<p>&nbsp;<\/p>\n<p>&nbsp;<\/p>\nngg_shortcode_0_placeholder\n","protected":false},"excerpt":{"rendered":"<p>El Departamento de Ingl\u00e9s ha organizado una salida al cine con todos los grupos de 1\u00ba y 2\u00ba de Bachillerato el lunes 15 de diciembre. Diciembre es un mes de estrenos y el departamento aprovecha la oportunidad para ver en versi\u00f3n original alguna pel\u00edcula interesante para el alumnado.&nbsp; En los cursos anteriores las elegidas fueron [&hellip;]<\/p>\n","protected":false},"author":21236,"featured_media":0,"comment_status":"closed","ping_status":"open","sticky":false,"template":"","format":"standard","meta":{"_et_pb_use_builder":"","_et_pb_old_content":"","_et_gb_content_width":"","ngg_post_thumbnail":0,"footnotes":""},"categories":[26],"tags":[19,25],"aioseo_notices":[],"_links":{"self":[{"href":"https:\/\/blogsaverroes.juntadeandalucia.es\/iesgbrenan\/wp-json\/wp\/v2\/posts\/6232"}],"collection":[{"href":"https:\/\/blogsaverroes.juntadeandalucia.es\/iesgbrenan\/wp-json\/wp\/v2\/posts"}],"about":[{"href":"https:\/\/blogsaverroes.juntadeandalucia.es\/iesgbrenan\/wp-json\/wp\/v2\/types\/post"}],"author":[{"embeddable":true,"href":"https:\/\/blogsaverroes.juntadeandalucia.es\/iesgbrenan\/wp-json\/wp\/v2\/users\/21236"}],"replies":[{"embeddable":true,"href":"https:\/\/blogsaverroes.juntadeandalucia.es\/iesgbrenan\/wp-json\/wp\/v2\/comments?post=6232"}],"version-history":[{"count":4,"href":"https:\/\/blogsaverroes.juntadeandalucia.es\/iesgbrenan\/wp-json\/wp\/v2\/posts\/6232\/revisions"}],"predecessor-version":[{"id":6242,"href":"https:\/\/blogsaverroes.juntadeandalucia.es\/iesgbrenan\/wp-json\/wp\/v2\/posts\/6232\/revisions\/6242"}],"wp:attachment":[{"href":"https:\/\/blogsaverroes.juntadeandalucia.es\/iesgbrenan\/wp-json\/wp\/v2\/media?parent=6232"}],"wp:term":[{"taxonomy":"category","embeddable":true,"href":"https:\/\/blogsaverroes.juntadeandalucia.es\/iesgbrenan\/wp-json\/wp\/v2\/categories?post=6232"},{"taxonomy":"post_tag","embeddable":true,"href":"https:\/\/blogsaverroes.juntadeandalucia.es\/iesgbrenan\/wp-json\/wp\/v2\/tags?post=6232"}],"curies":[{"name":"wp","href":"https:\/\/api.w.org\/{rel}","templated":true}]}}