{"id":6461,"date":"2026-02-20T19:24:04","date_gmt":"2026-02-20T18:24:04","guid":{"rendered":"https:\/\/blogsaverroes.juntadeandalucia.es\/iesgbrenan\/?p=6461"},"modified":"2026-02-20T19:24:04","modified_gmt":"2026-02-20T18:24:04","slug":"dia-de-andalucia-2026","status":"publish","type":"post","link":"https:\/\/blogsaverroes.juntadeandalucia.es\/iesgbrenan\/dia-de-andalucia-2026\/","title":{"rendered":"D\u00eda de Andaluc\u00eda 2026"},"content":{"rendered":"<p style=\"text-align: justify\">Hoy viernes 23 febrero, nuestro centro ha acogido el acto institucional del D\u00eda de Andaluc\u00eda en Alhaur\u00edn de la Torre, reuniendo a alumnado, profesorado y autoridades en el patio central.<\/p>\n<p style=\"text-align: justify\">La jornada comenz\u00f3 con el izado de la bandera y la interpretaci\u00f3n del himno por la Banda Municipal. Durante su intervenci\u00f3n, el alcalde destac\u00f3 el papel de la educaci\u00f3n p\u00fablica y anim\u00f3 a los j\u00f3venes a mirar al futuro con responsabilidad, defendiendo una Andaluc\u00eda \u201cculta y de mentalidad abierta\u201d.<\/p>\n<p style=\"text-align: justify\">El acto concluy\u00f3 con la entrega de un reconocimiento al director del IES, Manuel Guerra, y con un desayuno andaluz de pan con aceite para todos los asistentes.<span class=\"Apple-converted-space\">&nbsp;<\/span><\/p>\n<p style=\"text-align: justify\">Agradecer tambi\u00e9n a la asociaci\u00f3n AMAR por su colaboraci\u00f3n en la preparaci\u00f3n y reparto del desayuno andaluz que todos hemos podido disfrutar hoy.<span class=\"Apple-converted-space\">&nbsp;<\/span><\/p>\n<p style=\"text-align: justify\">\ud83d\udc9a \u00a1Orgullosos de celebrar el 28F en nuestro instituto!<\/p>\nngg_shortcode_0_placeholder\n<p>&nbsp;<\/p>\n","protected":false},"excerpt":{"rendered":"<p>Hoy viernes 23 febrero, nuestro centro ha acogido el acto institucional del D\u00eda de Andaluc\u00eda en Alhaur\u00edn de la Torre, reuniendo a alumnado, profesorado y autoridades en el patio central. La jornada comenz\u00f3 con el izado de la bandera y la interpretaci\u00f3n del himno por la Banda Municipal. Durante su intervenci\u00f3n, el alcalde destac\u00f3 el [&hellip;]<\/p>\n","protected":false},"author":21236,"featured_media":0,"comment_status":"closed","ping_status":"open","sticky":false,"template":"","format":"standard","meta":{"_et_pb_use_builder":"","_et_pb_old_content":"","_et_gb_content_width":"","ngg_post_thumbnail":0,"footnotes":""},"categories":[10,1],"tags":[19,116,11],"aioseo_notices":[],"_links":{"self":[{"href":"https:\/\/blogsaverroes.juntadeandalucia.es\/iesgbrenan\/wp-json\/wp\/v2\/posts\/6461"}],"collection":[{"href":"https:\/\/blogsaverroes.juntadeandalucia.es\/iesgbrenan\/wp-json\/wp\/v2\/posts"}],"about":[{"href":"https:\/\/blogsaverroes.juntadeandalucia.es\/iesgbrenan\/wp-json\/wp\/v2\/types\/post"}],"author":[{"embeddable":true,"href":"https:\/\/blogsaverroes.juntadeandalucia.es\/iesgbrenan\/wp-json\/wp\/v2\/users\/21236"}],"replies":[{"embeddable":true,"href":"https:\/\/blogsaverroes.juntadeandalucia.es\/iesgbrenan\/wp-json\/wp\/v2\/comments?post=6461"}],"version-history":[{"count":2,"href":"https:\/\/blogsaverroes.juntadeandalucia.es\/iesgbrenan\/wp-json\/wp\/v2\/posts\/6461\/revisions"}],"predecessor-version":[{"id":6490,"href":"https:\/\/blogsaverroes.juntadeandalucia.es\/iesgbrenan\/wp-json\/wp\/v2\/posts\/6461\/revisions\/6490"}],"wp:attachment":[{"href":"https:\/\/blogsaverroes.juntadeandalucia.es\/iesgbrenan\/wp-json\/wp\/v2\/media?parent=6461"}],"wp:term":[{"taxonomy":"category","embeddable":true,"href":"https:\/\/blogsaverroes.juntadeandalucia.es\/iesgbrenan\/wp-json\/wp\/v2\/categories?post=6461"},{"taxonomy":"post_tag","embeddable":true,"href":"https:\/\/blogsaverroes.juntadeandalucia.es\/iesgbrenan\/wp-json\/wp\/v2\/tags?post=6461"}],"curies":[{"name":"wp","href":"https:\/\/api.w.org\/{rel}","templated":true}]}}