{"id":6591,"date":"2026-04-17T16:10:48","date_gmt":"2026-04-17T15:10:48","guid":{"rendered":"https:\/\/blogsaverroes.juntadeandalucia.es\/iesgbrenan\/?p=6591"},"modified":"2026-04-17T17:53:45","modified_gmt":"2026-04-17T16:53:45","slug":"concurso-de-puertas","status":"publish","type":"post","link":"https:\/\/blogsaverroes.juntadeandalucia.es\/iesgbrenan\/concurso-de-puertas\/","title":{"rendered":"Concurso de puertas"},"content":{"rendered":"<div>\n<p class=\"Textbody\" style=\"text-align: justify\">Aunque ya lo publicamos en las redes sociales de nuestro centro, nos gustar\u00eda compartir tambi\u00e9n en nuestra web \u2014junto a una galer\u00eda de fotos\u2014 el resultado de nuestro original concurso de puertas, en el que cada tutor\u00eda ha convertido su aula en una ventana al pasado\u2026 \u00a1y tambi\u00e9n al presente!<\/p>\n<p class=\"Textbody\" style=\"text-align: justify\">&nbsp;Nuestro alumnado ha creado perfiles de Instagram de mujeres relevantes de la historia, desde cient\u00edficas y deportistas hasta artistas, mostrando no solo sus logros, sino tambi\u00e9n su impacto en la sociedad. A trav\u00e9s de publicaciones, \u201cstories\u201d y biograf\u00edas, han dado vida a estas figuras de una forma innovadora y cercana.<\/p>\n<\/div>\n<div style=\"text-align: justify\">\n<p class=\"Textbody\">Queremos destacar especialmente la imaginaci\u00f3n, implicaci\u00f3n y creatividad de todo el alumnado, que ha sabido combinar el uso de herramientas actuales con el aprendizaje hist\u00f3rico y social.<\/p>\n<\/div>\n<div>\n<p class=\"Textbody\" style=\"text-align: justify\">\u00a1Enhorabuena a todas las tutor\u00edas participantes por convertir los pasillos en una aut\u00e9ntica galer\u00eda de inspiraci\u00f3n!<\/p>\nngg_shortcode_0_placeholder<\/div>\n","protected":false},"excerpt":{"rendered":"<p>Aunque ya lo publicamos en las redes sociales de nuestro centro, nos gustar\u00eda compartir tambi\u00e9n en nuestra web \u2014junto a una galer\u00eda de fotos\u2014 el resultado de nuestro original concurso de puertas, en el que cada tutor\u00eda ha convertido su aula en una ventana al pasado\u2026 \u00a1y tambi\u00e9n al presente! &nbsp;Nuestro alumnado ha creado perfiles [&hellip;]<\/p>\n","protected":false},"author":21236,"featured_media":0,"comment_status":"closed","ping_status":"open","sticky":false,"template":"","format":"standard","meta":{"_et_pb_use_builder":"","_et_pb_old_content":"","_et_gb_content_width":"","ngg_post_thumbnail":0,"footnotes":""},"categories":[22],"tags":[118,19,23,119,21],"aioseo_notices":[],"_links":{"self":[{"href":"https:\/\/blogsaverroes.juntadeandalucia.es\/iesgbrenan\/wp-json\/wp\/v2\/posts\/6591"}],"collection":[{"href":"https:\/\/blogsaverroes.juntadeandalucia.es\/iesgbrenan\/wp-json\/wp\/v2\/posts"}],"about":[{"href":"https:\/\/blogsaverroes.juntadeandalucia.es\/iesgbrenan\/wp-json\/wp\/v2\/types\/post"}],"author":[{"embeddable":true,"href":"https:\/\/blogsaverroes.juntadeandalucia.es\/iesgbrenan\/wp-json\/wp\/v2\/users\/21236"}],"replies":[{"embeddable":true,"href":"https:\/\/blogsaverroes.juntadeandalucia.es\/iesgbrenan\/wp-json\/wp\/v2\/comments?post=6591"}],"version-history":[{"count":3,"href":"https:\/\/blogsaverroes.juntadeandalucia.es\/iesgbrenan\/wp-json\/wp\/v2\/posts\/6591\/revisions"}],"predecessor-version":[{"id":6658,"href":"https:\/\/blogsaverroes.juntadeandalucia.es\/iesgbrenan\/wp-json\/wp\/v2\/posts\/6591\/revisions\/6658"}],"wp:attachment":[{"href":"https:\/\/blogsaverroes.juntadeandalucia.es\/iesgbrenan\/wp-json\/wp\/v2\/media?parent=6591"}],"wp:term":[{"taxonomy":"category","embeddable":true,"href":"https:\/\/blogsaverroes.juntadeandalucia.es\/iesgbrenan\/wp-json\/wp\/v2\/categories?post=6591"},{"taxonomy":"post_tag","embeddable":true,"href":"https:\/\/blogsaverroes.juntadeandalucia.es\/iesgbrenan\/wp-json\/wp\/v2\/tags?post=6591"}],"curies":[{"name":"wp","href":"https:\/\/api.w.org\/{rel}","templated":true}]}}