{"id":2339,"date":"2015-11-18T17:18:58","date_gmt":"2015-11-18T17:18:58","guid":{"rendered":"http:\/\/blogsaverroes.juntadeandalucia.es\/iesgranpoder\/?p=2339"},"modified":"2015-11-18T20:22:21","modified_gmt":"2015-11-18T19:22:21","slug":"estrenamos-pagina-web","status":"publish","type":"post","link":"https:\/\/blogsaverroes.juntadeandalucia.es\/iesgranpoder\/2015\/11\/18\/estrenamos-pagina-web\/","title":{"rendered":"\u00a1Estrenamos P\u00e1gina Web!"},"content":{"rendered":"<p><a href=\"http:\/\/blogsaverroes.juntadeandalucia.es\/iesgranpoder\/files\/2015\/05\/webnueva.jpg\"><img loading=\"lazy\" decoding=\"async\" class=\"alignnone size-medium wp-image-2341\" src=\"http:\/\/blogsaverroes.juntadeandalucia.es\/iesgranpoder\/files\/2015\/05\/webnueva-300x225.jpg\" alt=\"webnueva\" width=\"300\" height=\"225\" \/><\/a>Estrenamos este nuevo canal de comunicaci\u00f3n e informaci\u00f3n de la Comunidad Escolar del IES Jes\u00fas del Gran Poder. La nueva web es mucho m\u00e1s completa y din\u00e1mica que la anterior y pretendemos que est\u00e9 lo m\u00e1s actualizada posible; en este \u00faltimo punto es fundamental la inclusi\u00f3n de las redes sociales, que en una primera fase se concretan en sendos perfiles en Twitter y Youtube, con el tiempo probablemente se incorpore alguno m\u00e1s para que la comunicaci\u00f3n se extienda a todos los rincones de nuestra Comunidad Escolar.<\/p>\n","protected":false},"excerpt":{"rendered":"<p>Estrenamos este nuevo canal de comunicaci\u00f3n e informaci\u00f3n de la Comunidad Escolar del IES Jes\u00fas del Gran Poder. La nueva web es mucho m\u00e1s completa y din\u00e1mica que la anterior y pretendemos que est\u00e9&#46;&#46;&#46;<\/p>\n","protected":false},"author":2171,"featured_media":0,"comment_status":"open","ping_status":"open","sticky":false,"template":"","format":"standard","meta":{"ngg_post_thumbnail":0,"footnotes":""},"categories":[11909],"tags":[],"aioseo_notices":[],"_links":{"self":[{"href":"https:\/\/blogsaverroes.juntadeandalucia.es\/iesgranpoder\/wp-json\/wp\/v2\/posts\/2339"}],"collection":[{"href":"https:\/\/blogsaverroes.juntadeandalucia.es\/iesgranpoder\/wp-json\/wp\/v2\/posts"}],"about":[{"href":"https:\/\/blogsaverroes.juntadeandalucia.es\/iesgranpoder\/wp-json\/wp\/v2\/types\/post"}],"author":[{"embeddable":true,"href":"https:\/\/blogsaverroes.juntadeandalucia.es\/iesgranpoder\/wp-json\/wp\/v2\/users\/2171"}],"replies":[{"embeddable":true,"href":"https:\/\/blogsaverroes.juntadeandalucia.es\/iesgranpoder\/wp-json\/wp\/v2\/comments?post=2339"}],"version-history":[{"count":4,"href":"https:\/\/blogsaverroes.juntadeandalucia.es\/iesgranpoder\/wp-json\/wp\/v2\/posts\/2339\/revisions"}],"predecessor-version":[{"id":2367,"href":"https:\/\/blogsaverroes.juntadeandalucia.es\/iesgranpoder\/wp-json\/wp\/v2\/posts\/2339\/revisions\/2367"}],"wp:attachment":[{"href":"https:\/\/blogsaverroes.juntadeandalucia.es\/iesgranpoder\/wp-json\/wp\/v2\/media?parent=2339"}],"wp:term":[{"taxonomy":"category","embeddable":true,"href":"https:\/\/blogsaverroes.juntadeandalucia.es\/iesgranpoder\/wp-json\/wp\/v2\/categories?post=2339"},{"taxonomy":"post_tag","embeddable":true,"href":"https:\/\/blogsaverroes.juntadeandalucia.es\/iesgranpoder\/wp-json\/wp\/v2\/tags?post=2339"}],"curies":[{"name":"wp","href":"https:\/\/api.w.org\/{rel}","templated":true}]}}