{"id":2537,"date":"2016-02-25T09:50:57","date_gmt":"2016-02-25T08:50:57","guid":{"rendered":"http:\/\/blogsaverroes.juntadeandalucia.es\/iesgranpoder\/?p=2537"},"modified":"2016-02-25T09:50:57","modified_gmt":"2016-02-25T08:50:57","slug":"oferta-de-plazas-curso-20162017","status":"publish","type":"post","link":"https:\/\/blogsaverroes.juntadeandalucia.es\/iesgranpoder\/2016\/02\/25\/oferta-de-plazas-curso-20162017\/","title":{"rendered":"Oferta de Plazas. Curso 2016\/2017"},"content":{"rendered":"<p><img loading=\"lazy\" decoding=\"async\" class=\" size-medium wp-image-2528 alignnone\" src=\"http:\/\/blogsaverroes.juntadeandalucia.es\/iesgranpoder\/files\/2015\/05\/Escolarizaci\u00f3n-16-17-300x225.jpg\" alt=\"Escolarizaci\u00f3n 16-17\" width=\"300\" height=\"225\" \/><\/p>\n<p>En los tablones del Centro se encuentra publicada toda la informaci\u00f3n referente a la Escolarizaci\u00f3n para el curso pr\u00f3ximo.<\/p>\n<p>A t\u00edtulo informativo, que no sustituye a lo anterior, \u00a0publicamos los datos de la oferta educativa para el curso pr\u00f3ximo.<a href=\"http:\/\/blogsaverroes.juntadeandalucia.es\/iesgranpoder\/files\/2016\/02\/oferta-plazas-2016.pdf\">oferta plazas 2016<\/a><\/p>\n","protected":false},"excerpt":{"rendered":"<p>En los tablones del Centro se encuentra publicada toda la informaci\u00f3n referente a la Escolarizaci\u00f3n para el curso pr\u00f3ximo. A t\u00edtulo informativo, que no sustituye a lo anterior, \u00a0publicamos los datos de la oferta&#46;&#46;&#46;<\/p>\n","protected":false},"author":2171,"featured_media":0,"comment_status":"open","ping_status":"open","sticky":false,"template":"","format":"standard","meta":{"ngg_post_thumbnail":0,"footnotes":""},"categories":[13473],"tags":[],"aioseo_notices":[],"_links":{"self":[{"href":"https:\/\/blogsaverroes.juntadeandalucia.es\/iesgranpoder\/wp-json\/wp\/v2\/posts\/2537"}],"collection":[{"href":"https:\/\/blogsaverroes.juntadeandalucia.es\/iesgranpoder\/wp-json\/wp\/v2\/posts"}],"about":[{"href":"https:\/\/blogsaverroes.juntadeandalucia.es\/iesgranpoder\/wp-json\/wp\/v2\/types\/post"}],"author":[{"embeddable":true,"href":"https:\/\/blogsaverroes.juntadeandalucia.es\/iesgranpoder\/wp-json\/wp\/v2\/users\/2171"}],"replies":[{"embeddable":true,"href":"https:\/\/blogsaverroes.juntadeandalucia.es\/iesgranpoder\/wp-json\/wp\/v2\/comments?post=2537"}],"version-history":[{"count":1,"href":"https:\/\/blogsaverroes.juntadeandalucia.es\/iesgranpoder\/wp-json\/wp\/v2\/posts\/2537\/revisions"}],"predecessor-version":[{"id":2539,"href":"https:\/\/blogsaverroes.juntadeandalucia.es\/iesgranpoder\/wp-json\/wp\/v2\/posts\/2537\/revisions\/2539"}],"wp:attachment":[{"href":"https:\/\/blogsaverroes.juntadeandalucia.es\/iesgranpoder\/wp-json\/wp\/v2\/media?parent=2537"}],"wp:term":[{"taxonomy":"category","embeddable":true,"href":"https:\/\/blogsaverroes.juntadeandalucia.es\/iesgranpoder\/wp-json\/wp\/v2\/categories?post=2537"},{"taxonomy":"post_tag","embeddable":true,"href":"https:\/\/blogsaverroes.juntadeandalucia.es\/iesgranpoder\/wp-json\/wp\/v2\/tags?post=2537"}],"curies":[{"name":"wp","href":"https:\/\/api.w.org\/{rel}","templated":true}]}}