{"id":2844,"date":"2017-10-05T09:58:55","date_gmt":"2017-10-05T07:58:55","guid":{"rendered":"http:\/\/blogsaverroes.juntadeandalucia.es\/iesgranpoder\/?p=2844"},"modified":"2017-10-05T09:59:04","modified_gmt":"2017-10-05T07:59:04","slug":"ii-olimpiada-matematica-de-otono","status":"publish","type":"post","link":"https:\/\/blogsaverroes.juntadeandalucia.es\/iesgranpoder\/2017\/10\/05\/ii-olimpiada-matematica-de-otono\/","title":{"rendered":"II Olimpiada Matem\u00e1tica de Oto\u00f1o"},"content":{"rendered":"<p><a href=\"https:\/\/blogsaverroes.juntadeandalucia.es\/iesgranpoder\/files\/2016\/12\/Olimpiada-de-matem\u00e1ticas.jpg\"><img loading=\"lazy\" decoding=\"async\" class=\"aligncenter size-full wp-image-2698\" src=\"https:\/\/blogsaverroes.juntadeandalucia.es\/iesgranpoder\/files\/2016\/12\/Olimpiada-de-matem\u00e1ticas.jpg\" alt=\"\" width=\"256\" height=\"143\" srcset=\"https:\/\/blogsaverroes.juntadeandalucia.es\/iesgranpoder\/files\/2016\/12\/Olimpiada-de-matem\u00e1ticas.jpg 256w, https:\/\/blogsaverroes.juntadeandalucia.es\/iesgranpoder\/files\/2016\/12\/Olimpiada-de-matem\u00e1ticas-24x13.jpg 24w, https:\/\/blogsaverroes.juntadeandalucia.es\/iesgranpoder\/files\/2016\/12\/Olimpiada-de-matem\u00e1ticas-36x20.jpg 36w, https:\/\/blogsaverroes.juntadeandalucia.es\/iesgranpoder\/files\/2016\/12\/Olimpiada-de-matem\u00e1ticas-48x27.jpg 48w\" sizes=\"(max-width: 256px) 100vw, 256px\" \/><\/a>Por segundo a\u00f1o el Departamento &nbsp;de Matem\u00e1ticas vuelve a organizar el concurso OLIMPIADA MATEM\u00c1TICA DE OTO\u00d1O, el cual se desarrollar\u00e1 durante el primer trimestre, esperando que la participaci\u00f3n mejore la del curso pasado, la cual fue bastante importante.<\/p>\n<p>&nbsp;<\/p>\n<p>&nbsp;<\/p>\n","protected":false},"excerpt":{"rendered":"<p>Por segundo a\u00f1o el Departamento &nbsp;de Matem\u00e1ticas vuelve a organizar el concurso OLIMPIADA MATEM\u00c1TICA DE OTO\u00d1O, el cual se desarrollar\u00e1 durante el primer trimestre, esperando que la participaci\u00f3n mejore la del curso pasado, la&#46;&#46;&#46;<\/p>\n","protected":false},"author":2171,"featured_media":2698,"comment_status":"open","ping_status":"open","sticky":false,"template":"","format":"standard","meta":{"ngg_post_thumbnail":0,"footnotes":""},"categories":[13473,25506],"tags":[],"aioseo_notices":[],"_links":{"self":[{"href":"https:\/\/blogsaverroes.juntadeandalucia.es\/iesgranpoder\/wp-json\/wp\/v2\/posts\/2844"}],"collection":[{"href":"https:\/\/blogsaverroes.juntadeandalucia.es\/iesgranpoder\/wp-json\/wp\/v2\/posts"}],"about":[{"href":"https:\/\/blogsaverroes.juntadeandalucia.es\/iesgranpoder\/wp-json\/wp\/v2\/types\/post"}],"author":[{"embeddable":true,"href":"https:\/\/blogsaverroes.juntadeandalucia.es\/iesgranpoder\/wp-json\/wp\/v2\/users\/2171"}],"replies":[{"embeddable":true,"href":"https:\/\/blogsaverroes.juntadeandalucia.es\/iesgranpoder\/wp-json\/wp\/v2\/comments?post=2844"}],"version-history":[{"count":1,"href":"https:\/\/blogsaverroes.juntadeandalucia.es\/iesgranpoder\/wp-json\/wp\/v2\/posts\/2844\/revisions"}],"predecessor-version":[{"id":2845,"href":"https:\/\/blogsaverroes.juntadeandalucia.es\/iesgranpoder\/wp-json\/wp\/v2\/posts\/2844\/revisions\/2845"}],"wp:featuredmedia":[{"embeddable":true,"href":"https:\/\/blogsaverroes.juntadeandalucia.es\/iesgranpoder\/wp-json\/wp\/v2\/media\/2698"}],"wp:attachment":[{"href":"https:\/\/blogsaverroes.juntadeandalucia.es\/iesgranpoder\/wp-json\/wp\/v2\/media?parent=2844"}],"wp:term":[{"taxonomy":"category","embeddable":true,"href":"https:\/\/blogsaverroes.juntadeandalucia.es\/iesgranpoder\/wp-json\/wp\/v2\/categories?post=2844"},{"taxonomy":"post_tag","embeddable":true,"href":"https:\/\/blogsaverroes.juntadeandalucia.es\/iesgranpoder\/wp-json\/wp\/v2\/tags?post=2844"}],"curies":[{"name":"wp","href":"https:\/\/api.w.org\/{rel}","templated":true}]}}