{"id":2942,"date":"2018-06-12T09:18:49","date_gmt":"2018-06-12T07:18:49","guid":{"rendered":"http:\/\/blogsaverroes.juntadeandalucia.es\/iesgranpoder\/?p=2942"},"modified":"2018-06-20T13:13:12","modified_gmt":"2018-06-20T11:13:12","slug":"calendario-de-fin-de-curso","status":"publish","type":"post","link":"https:\/\/blogsaverroes.juntadeandalucia.es\/iesgranpoder\/2018\/06\/12\/calendario-de-fin-de-curso\/","title":{"rendered":"Calendario de Fin de Curso"},"content":{"rendered":"<ul>\n<li><a href=\"https:\/\/blogsaverroes.juntadeandalucia.es\/iesgranpoder\/files\/2018\/06\/findecurso.gif\"><img loading=\"lazy\" decoding=\"async\" class=\"aligncenter wp-image-2943\" src=\"https:\/\/blogsaverroes.juntadeandalucia.es\/iesgranpoder\/files\/2018\/06\/findecurso-300x65.gif\" alt=\"\" width=\"503\" height=\"109\" srcset=\"https:\/\/blogsaverroes.juntadeandalucia.es\/iesgranpoder\/files\/2018\/06\/findecurso-300x65.gif 300w, https:\/\/blogsaverroes.juntadeandalucia.es\/iesgranpoder\/files\/2018\/06\/findecurso-768x165.gif 768w, https:\/\/blogsaverroes.juntadeandalucia.es\/iesgranpoder\/files\/2018\/06\/findecurso-1024x220.gif 1024w, https:\/\/blogsaverroes.juntadeandalucia.es\/iesgranpoder\/files\/2018\/06\/findecurso-24x5.gif 24w, https:\/\/blogsaverroes.juntadeandalucia.es\/iesgranpoder\/files\/2018\/06\/findecurso-36x8.gif 36w, https:\/\/blogsaverroes.juntadeandalucia.es\/iesgranpoder\/files\/2018\/06\/findecurso-48x10.gif 48w\" sizes=\"(max-width: 503px) 100vw, 503px\" \/><\/a><\/li>\n<li>Fin del Periodo Lectivo: Lunes, <strong>25 de Junio.<\/strong><\/li>\n<li>Entrega a las Familias de las Calificaciones, los Informes de materias suspensas, los Consejos Orientadores y Recogida de Libros:&nbsp;<strong>25 de Junio, de 11&#8217;30 a 14&#8217;00<\/strong><\/li>\n<li>Las familias podr\u00e1n autorizar al alumnado u otra persona para la recogida; en Conserjer\u00eda se puede solicitar un impreso que se rellenar\u00e1 y al que se acompa\u00f1ar\u00e1 la fotocopia del DNI del padre o madre as\u00ed como otra del DNI de la persona autorizada si no fuera el propio alumno\/a.<\/li>\n<\/ul>\n<ul>\n<li>Solicitud de Revisi\u00f3n Calificaci\u00f3n y\/o Decisi\u00f3n de Promoci\u00f3n: <strong>26 y 27 de junio<\/strong>.<\/li>\n<li>Plazo de Matr\u00edcula para el curso 2018\/2019:<strong> 2 al 10 de julio<\/strong>.<\/li>\n<\/ul>\n","protected":false},"excerpt":{"rendered":"<p>Fin del Periodo Lectivo: Lunes, 25 de Junio. Entrega a las Familias de las Calificaciones, los Informes de materias suspensas, los Consejos Orientadores y Recogida de Libros:&nbsp;25 de Junio, de 11&#8217;30 a 14&#8217;00 Las&#46;&#46;&#46;<\/p>\n","protected":false},"author":2171,"featured_media":2943,"comment_status":"open","ping_status":"open","sticky":false,"template":"","format":"standard","meta":{"ngg_post_thumbnail":0,"footnotes":""},"categories":[13473],"tags":[],"aioseo_notices":[],"_links":{"self":[{"href":"https:\/\/blogsaverroes.juntadeandalucia.es\/iesgranpoder\/wp-json\/wp\/v2\/posts\/2942"}],"collection":[{"href":"https:\/\/blogsaverroes.juntadeandalucia.es\/iesgranpoder\/wp-json\/wp\/v2\/posts"}],"about":[{"href":"https:\/\/blogsaverroes.juntadeandalucia.es\/iesgranpoder\/wp-json\/wp\/v2\/types\/post"}],"author":[{"embeddable":true,"href":"https:\/\/blogsaverroes.juntadeandalucia.es\/iesgranpoder\/wp-json\/wp\/v2\/users\/2171"}],"replies":[{"embeddable":true,"href":"https:\/\/blogsaverroes.juntadeandalucia.es\/iesgranpoder\/wp-json\/wp\/v2\/comments?post=2942"}],"version-history":[{"count":3,"href":"https:\/\/blogsaverroes.juntadeandalucia.es\/iesgranpoder\/wp-json\/wp\/v2\/posts\/2942\/revisions"}],"predecessor-version":[{"id":2949,"href":"https:\/\/blogsaverroes.juntadeandalucia.es\/iesgranpoder\/wp-json\/wp\/v2\/posts\/2942\/revisions\/2949"}],"wp:featuredmedia":[{"embeddable":true,"href":"https:\/\/blogsaverroes.juntadeandalucia.es\/iesgranpoder\/wp-json\/wp\/v2\/media\/2943"}],"wp:attachment":[{"href":"https:\/\/blogsaverroes.juntadeandalucia.es\/iesgranpoder\/wp-json\/wp\/v2\/media?parent=2942"}],"wp:term":[{"taxonomy":"category","embeddable":true,"href":"https:\/\/blogsaverroes.juntadeandalucia.es\/iesgranpoder\/wp-json\/wp\/v2\/categories?post=2942"},{"taxonomy":"post_tag","embeddable":true,"href":"https:\/\/blogsaverroes.juntadeandalucia.es\/iesgranpoder\/wp-json\/wp\/v2\/tags?post=2942"}],"curies":[{"name":"wp","href":"https:\/\/api.w.org\/{rel}","templated":true}]}}