{"id":4244,"date":"2023-09-13T18:04:19","date_gmt":"2023-09-13T16:04:19","guid":{"rendered":"https:\/\/blogsaverroes.juntadeandalucia.es\/iesgranpoder\/?p=4244"},"modified":"2023-09-13T18:04:19","modified_gmt":"2023-09-13T16:04:19","slug":"inicio-del-curso-23-24","status":"publish","type":"post","link":"https:\/\/blogsaverroes.juntadeandalucia.es\/iesgranpoder\/2023\/09\/13\/inicio-del-curso-23-24\/","title":{"rendered":"INICIO DEL CURSO 23\/24"},"content":{"rendered":"<p><span style=\"font-weight: 400\">Estimadas familias:<\/span><\/p>\n<p><span style=\"font-weight: 400\">les informamos del inicio de curso:<\/span><\/p>\n<p><b>&nbsp;<\/b><span style=\"font-weight: 400\">Ma\u00f1ana<\/span><span style=\"font-weight: 400\"> jueves 14 <\/span><span style=\"font-weight: 400\">de septiembre podr\u00e1n ver en PASEN el grupo en el que est\u00e1n sus hijos\/as.<\/span><\/p>\n<p><span style=\"font-weight: 400\">Viernes 15<\/span><span style=\"font-weight: 400\"> septiembre TODO EL ALUMNADO entrar\u00e1 a las 12:00 utilizando las dos puertas (c\/Pl\u00e1cido Domingo y c\/ Alfredo Kraus). La salida ser\u00e1 a las 14:30 para todo el alumnado. Para el viernes 15 <\/span><span style=\"font-weight: 400\">habr\u00e1 servicio de autob\u00fas escolar<\/span><span style=\"font-weight: 400\"> para el alumnado admitido en dicho servicio, recogi\u00e9ndoles en la parada Bar Casa Pedro a las 11:45.<\/span><\/p>\n<p><span style=\"font-weight: 400\">Una vez en el interior, el alumnado&nbsp; se dirigir\u00e1 a las siguientes zonas:<\/span><\/p>\n<p><span style=\"font-weight: 400\">1\u00ba y 2\u00ba: porche del edificio<\/span><\/p>\n<p><span style=\"font-weight: 400\">3\u00ba: escalera del patio cercana a los aseos<\/span><\/p>\n<p><span style=\"font-weight: 400\">4\u00ba: escalera del patio cercana a la puerta de la c\/Pl\u00e1cido Domingo<\/span><\/p>\n<p><span style=\"font-weight: 400\">En las zonas indicadas estar\u00e1 esperando un miembro de Equipo Directivo junto con los tutores para revisar las listas (por si alg\u00fan alumno\/a no sabe a\u00fan en qu\u00e9 grupo est\u00e1) y acceder con el tutor a su aula.<\/span><\/p>\n<p><span style=\"font-weight: 400\">IMPORTANTE: el alumnado traer\u00e1 1 cuaderno, bol\u00edgrafo y la mochila para llevarse los libros de texto que se entregar\u00e1n el mismo viernes.<\/span><\/p>\n<p><span style=\"font-weight: 400\">A partir del lunes 18 el horario ser\u00e1 el normal: de 8:00 a 14:30. Las puertas de acceso del alumnado ser\u00e1n las situadas en c\/Pl\u00e1cido Domingo y c\/ Alfredo Kraus. Se abrir\u00e1n a las 7:55 y se cerrar\u00e1n a las 8:05<\/span><\/p>\n<p><span style=\"font-weight: 400\">En caso de llegar una vez cerrada la puerta, el alumno tendr\u00e1 que acceder acompa\u00f1ado de un familiar o adulto por la puerta de la c\/ Ntra. Sra. del Carmen.<\/span><\/p>\n<p><span style=\"font-weight: 400\">SE EST\u00c1 OBSERVANDO UN AUMENTO DE CASOS COVID POR LO QUE PEDIMOS QUE UTILICEN LAS DOS PUERTAS DEL PATIO PARA LA ENTRADA Y SALIDA DEL ALUMNADO Y EVITAR AS\u00cd AGLOMERACIONES INNECESARIAS.&nbsp;<\/span><\/p>\n<p><span style=\"font-weight: 400\">ADEM\u00c1S SE MANTENDR\u00c1 LA MEDIDA DE LA VENTILACI\u00d3N CRUZADA.&nbsp;<\/span><\/p>\n<p><span style=\"font-weight: 400\">DE MOMENTO NO NOS VAN A ENVIAR GELES HIDROALCOH\u00d3LICOS A LOS CENTROS, PERO RECOMENDAMOS QUE EL ALUMNADO TRAIGA SU PROPIO GEL HIDROALCOH\u00d3LICO<\/span><\/p>\n<p><span style=\"font-weight: 400\">Feliz inicio de curso.<\/span><\/p>\n","protected":false},"excerpt":{"rendered":"<p>Estimadas familias: les informamos del inicio de curso: &nbsp;Ma\u00f1ana jueves 14 de septiembre podr\u00e1n ver en PASEN el grupo en el que est\u00e1n sus hijos\/as. Viernes 15 septiembre TODO EL ALUMNADO entrar\u00e1 a las&#46;&#46;&#46;<\/p>\n","protected":false},"author":2171,"featured_media":4156,"comment_status":"open","ping_status":"open","sticky":false,"template":"","format":"standard","meta":{"ngg_post_thumbnail":0,"footnotes":""},"categories":[11909],"tags":[],"aioseo_notices":[],"_links":{"self":[{"href":"https:\/\/blogsaverroes.juntadeandalucia.es\/iesgranpoder\/wp-json\/wp\/v2\/posts\/4244"}],"collection":[{"href":"https:\/\/blogsaverroes.juntadeandalucia.es\/iesgranpoder\/wp-json\/wp\/v2\/posts"}],"about":[{"href":"https:\/\/blogsaverroes.juntadeandalucia.es\/iesgranpoder\/wp-json\/wp\/v2\/types\/post"}],"author":[{"embeddable":true,"href":"https:\/\/blogsaverroes.juntadeandalucia.es\/iesgranpoder\/wp-json\/wp\/v2\/users\/2171"}],"replies":[{"embeddable":true,"href":"https:\/\/blogsaverroes.juntadeandalucia.es\/iesgranpoder\/wp-json\/wp\/v2\/comments?post=4244"}],"version-history":[{"count":1,"href":"https:\/\/blogsaverroes.juntadeandalucia.es\/iesgranpoder\/wp-json\/wp\/v2\/posts\/4244\/revisions"}],"predecessor-version":[{"id":4245,"href":"https:\/\/blogsaverroes.juntadeandalucia.es\/iesgranpoder\/wp-json\/wp\/v2\/posts\/4244\/revisions\/4245"}],"wp:featuredmedia":[{"embeddable":true,"href":"https:\/\/blogsaverroes.juntadeandalucia.es\/iesgranpoder\/wp-json\/wp\/v2\/media\/4156"}],"wp:attachment":[{"href":"https:\/\/blogsaverroes.juntadeandalucia.es\/iesgranpoder\/wp-json\/wp\/v2\/media?parent=4244"}],"wp:term":[{"taxonomy":"category","embeddable":true,"href":"https:\/\/blogsaverroes.juntadeandalucia.es\/iesgranpoder\/wp-json\/wp\/v2\/categories?post=4244"},{"taxonomy":"post_tag","embeddable":true,"href":"https:\/\/blogsaverroes.juntadeandalucia.es\/iesgranpoder\/wp-json\/wp\/v2\/tags?post=4244"}],"curies":[{"name":"wp","href":"https:\/\/api.w.org\/{rel}","templated":true}]}}