{"id":3380,"date":"2016-04-18T17:34:31","date_gmt":"2016-04-18T16:34:31","guid":{"rendered":"http:\/\/blogsaverroes.juntadeandalucia.es\/ieshermanosmedinarivilla\/?p=3380"},"modified":"2016-04-25T17:38:35","modified_gmt":"2016-04-25T16:38:35","slug":"3380","status":"publish","type":"post","link":"https:\/\/blogsaverroes.juntadeandalucia.es\/ieshermanosmedinarivilla\/3380\/","title":{"rendered":"Video sobre nuestro alrededores."},"content":{"rendered":"<p style=\"text-align: justify\"><span style=\"font-family: verdana,geneva,sans-serif;font-size: 14pt\">\u00a0\u00a0\u00a0\u00a0\u00a0 Una de las Actividades dentro de nuestro Erasmus +\u00a0consiste en\u00a0la elaboraci\u00f3n de un video sobre nuestros alrededores. Se trata de un peque\u00f1o tour en el que mostramos un trocito de nuestra geograf\u00eda a nuestros compa\u00f1eros.\u00a0 En nuestro encuentro en Hungr\u00eda se presentar\u00e1 y se a\u00f1adir\u00e1 al elaborado por el resto de participantes, los cuales se publicar\u00e1n en nuestra web para conocimiento de nuestra comunidad educativa. Este peque\u00f1o video pretende servir como resumen, contado por nuestros alumnos, de lo que es nuestro entorno. Recoge lo que grabamos en nuestra salida del d\u00eda 8 de Marzo.<\/span><\/p>\n<p>[vimeo 163265346 w=300 h=150]<\/p>\n","protected":false},"excerpt":{"rendered":"<p>\u00a0\u00a0\u00a0\u00a0\u00a0 Una de las Actividades dentro de nuestro Erasmus +\u00a0consiste en\u00a0la elaboraci\u00f3n de un video sobre nuestros alrededores. Se trata de un peque\u00f1o tour en el que mostramos un trocito de nuestra geograf\u00eda a&#46;&#46;&#46;<\/p>\n","protected":false},"author":2128,"featured_media":3199,"comment_status":"open","ping_status":"open","sticky":false,"template":"","format":"standard","meta":{"ngg_post_thumbnail":0,"footnotes":""},"categories":[32,359520,526],"tags":[],"aioseo_notices":[],"_links":{"self":[{"href":"https:\/\/blogsaverroes.juntadeandalucia.es\/ieshermanosmedinarivilla\/wp-json\/wp\/v2\/posts\/3380"}],"collection":[{"href":"https:\/\/blogsaverroes.juntadeandalucia.es\/ieshermanosmedinarivilla\/wp-json\/wp\/v2\/posts"}],"about":[{"href":"https:\/\/blogsaverroes.juntadeandalucia.es\/ieshermanosmedinarivilla\/wp-json\/wp\/v2\/types\/post"}],"author":[{"embeddable":true,"href":"https:\/\/blogsaverroes.juntadeandalucia.es\/ieshermanosmedinarivilla\/wp-json\/wp\/v2\/users\/2128"}],"replies":[{"embeddable":true,"href":"https:\/\/blogsaverroes.juntadeandalucia.es\/ieshermanosmedinarivilla\/wp-json\/wp\/v2\/comments?post=3380"}],"version-history":[{"count":4,"href":"https:\/\/blogsaverroes.juntadeandalucia.es\/ieshermanosmedinarivilla\/wp-json\/wp\/v2\/posts\/3380\/revisions"}],"predecessor-version":[{"id":3384,"href":"https:\/\/blogsaverroes.juntadeandalucia.es\/ieshermanosmedinarivilla\/wp-json\/wp\/v2\/posts\/3380\/revisions\/3384"}],"wp:featuredmedia":[{"embeddable":true,"href":"https:\/\/blogsaverroes.juntadeandalucia.es\/ieshermanosmedinarivilla\/wp-json\/wp\/v2\/media\/3199"}],"wp:attachment":[{"href":"https:\/\/blogsaverroes.juntadeandalucia.es\/ieshermanosmedinarivilla\/wp-json\/wp\/v2\/media?parent=3380"}],"wp:term":[{"taxonomy":"category","embeddable":true,"href":"https:\/\/blogsaverroes.juntadeandalucia.es\/ieshermanosmedinarivilla\/wp-json\/wp\/v2\/categories?post=3380"},{"taxonomy":"post_tag","embeddable":true,"href":"https:\/\/blogsaverroes.juntadeandalucia.es\/ieshermanosmedinarivilla\/wp-json\/wp\/v2\/tags?post=3380"}],"curies":[{"name":"wp","href":"https:\/\/api.w.org\/{rel}","templated":true}]}}