{"id":5138,"date":"2019-11-21T21:59:07","date_gmt":"2019-11-21T20:59:07","guid":{"rendered":"http:\/\/blogsaverroes.juntadeandalucia.es\/ieshermanosmedinarivilla\/?p=5138"},"modified":"2019-11-21T21:59:07","modified_gmt":"2019-11-21T20:59:07","slug":"dace-2019-20","status":"publish","type":"post","link":"https:\/\/blogsaverroes.juntadeandalucia.es\/ieshermanosmedinarivilla\/dace-2019-20\/","title":{"rendered":"DACE 2019-20"},"content":{"rendered":"<p style=\"text-align: center\">Pincha en el enlace correspondiente para una mayor informaci\u00f3n sobre cada una de las actividades:<\/p>\n<table>\n<tbody>\n<tr>\n<td style=\"text-align: center\">1. Viaje a M\u00c1LAGA: representaci\u00f3n teatral en Franc\u00e9s<\/td>\n<\/tr>\n<tr>\n<td>&nbsp;<\/td>\n<\/tr>\n<tr>\n<td>&nbsp;<\/td>\n<\/tr>\n<tr>\n<td>&nbsp;<\/td>\n<\/tr>\n<tr>\n<td>&nbsp;<\/td>\n<\/tr>\n<tr>\n<td>&nbsp;<\/td>\n<\/tr>\n<tr>\n<td>&nbsp;<\/td>\n<\/tr>\n<tr>\n<td>&nbsp;<\/td>\n<\/tr>\n<tr>\n<td>&nbsp;<\/td>\n<\/tr>\n<tr>\n<td>&nbsp;<\/td>\n<\/tr>\n<\/tbody>\n<\/table>\n","protected":false},"excerpt":{"rendered":"<p>Pincha en el enlace correspondiente para una mayor informaci\u00f3n sobre cada una de las actividades: 1. Viaje a M\u00c1LAGA: representaci\u00f3n teatral en Franc\u00e9s &nbsp; &nbsp; &nbsp; &nbsp; &nbsp; &nbsp; &nbsp; &nbsp; &nbsp;<\/p>\n","protected":false},"author":2128,"featured_media":0,"comment_status":"open","ping_status":"open","sticky":false,"template":"","format":"standard","meta":{"ngg_post_thumbnail":0,"footnotes":""},"categories":[363333],"tags":[],"aioseo_notices":[],"_links":{"self":[{"href":"https:\/\/blogsaverroes.juntadeandalucia.es\/ieshermanosmedinarivilla\/wp-json\/wp\/v2\/posts\/5138"}],"collection":[{"href":"https:\/\/blogsaverroes.juntadeandalucia.es\/ieshermanosmedinarivilla\/wp-json\/wp\/v2\/posts"}],"about":[{"href":"https:\/\/blogsaverroes.juntadeandalucia.es\/ieshermanosmedinarivilla\/wp-json\/wp\/v2\/types\/post"}],"author":[{"embeddable":true,"href":"https:\/\/blogsaverroes.juntadeandalucia.es\/ieshermanosmedinarivilla\/wp-json\/wp\/v2\/users\/2128"}],"replies":[{"embeddable":true,"href":"https:\/\/blogsaverroes.juntadeandalucia.es\/ieshermanosmedinarivilla\/wp-json\/wp\/v2\/comments?post=5138"}],"version-history":[{"count":1,"href":"https:\/\/blogsaverroes.juntadeandalucia.es\/ieshermanosmedinarivilla\/wp-json\/wp\/v2\/posts\/5138\/revisions"}],"predecessor-version":[{"id":5139,"href":"https:\/\/blogsaverroes.juntadeandalucia.es\/ieshermanosmedinarivilla\/wp-json\/wp\/v2\/posts\/5138\/revisions\/5139"}],"wp:attachment":[{"href":"https:\/\/blogsaverroes.juntadeandalucia.es\/ieshermanosmedinarivilla\/wp-json\/wp\/v2\/media?parent=5138"}],"wp:term":[{"taxonomy":"category","embeddable":true,"href":"https:\/\/blogsaverroes.juntadeandalucia.es\/ieshermanosmedinarivilla\/wp-json\/wp\/v2\/categories?post=5138"},{"taxonomy":"post_tag","embeddable":true,"href":"https:\/\/blogsaverroes.juntadeandalucia.es\/ieshermanosmedinarivilla\/wp-json\/wp\/v2\/tags?post=5138"}],"curies":[{"name":"wp","href":"https:\/\/api.w.org\/{rel}","templated":true}]}}