{"id":7236,"date":"2024-10-16T15:18:07","date_gmt":"2024-10-16T14:18:07","guid":{"rendered":"https:\/\/blogsaverroes.juntadeandalucia.es\/ieshermanosmedinarivilla\/?p=7236"},"modified":"2024-10-16T15:18:07","modified_gmt":"2024-10-16T14:18:07","slug":"erasmus-days-en-el-ies","status":"publish","type":"post","link":"https:\/\/blogsaverroes.juntadeandalucia.es\/ieshermanosmedinarivilla\/erasmus-days-en-el-ies\/","title":{"rendered":"Erasmus Days en el IES"},"content":{"rendered":"<p>\ud83c\uddea\ud83c\uddfaHoy seguimos los #ErasmusDays en el IES Hermanos Medina Rivilla. \ud83c\uddea\ud83c\uddfa<br \/>\nVisita nuestra exposici\u00f3n y participa en el concurso #ErasmusDays, contestando a un quiz. Tendr\u00e1s que buscar las respuestas viendo la Expo y preguntando a participantes Erasmus + del curso pasado. Habr\u00e1 premios&#8230;.<br \/>\nPide tu quiz a Florence y entrega tus respuestas antes del jueves 17 a las 14:45.<\/p>\n<p><img decoding=\"async\" src=\"https:\/\/blogsaverroes.juntadeandalucia.es\/ieshermanosmedinarivilla\/files\/2024\/10\/c762f096-fecd-49f1-ad67-6b85bb67463b.jpeg\"><\/p>\n","protected":false},"excerpt":{"rendered":"<p>\ud83c\uddea\ud83c\uddfaHoy seguimos los #ErasmusDays en el IES Hermanos Medina Rivilla. \ud83c\uddea\ud83c\uddfa Visita nuestra exposici\u00f3n y participa en el concurso #ErasmusDays, contestando a un quiz. Tendr\u00e1s que buscar las respuestas viendo la Expo y preguntando&#46;&#46;&#46;<\/p>\n","protected":false},"author":2128,"featured_media":7228,"comment_status":"open","ping_status":"open","sticky":false,"template":"","format":"standard","meta":{"ngg_post_thumbnail":0,"footnotes":""},"categories":[140,307418,526],"tags":[],"aioseo_notices":[],"_links":{"self":[{"href":"https:\/\/blogsaverroes.juntadeandalucia.es\/ieshermanosmedinarivilla\/wp-json\/wp\/v2\/posts\/7236"}],"collection":[{"href":"https:\/\/blogsaverroes.juntadeandalucia.es\/ieshermanosmedinarivilla\/wp-json\/wp\/v2\/posts"}],"about":[{"href":"https:\/\/blogsaverroes.juntadeandalucia.es\/ieshermanosmedinarivilla\/wp-json\/wp\/v2\/types\/post"}],"author":[{"embeddable":true,"href":"https:\/\/blogsaverroes.juntadeandalucia.es\/ieshermanosmedinarivilla\/wp-json\/wp\/v2\/users\/2128"}],"replies":[{"embeddable":true,"href":"https:\/\/blogsaverroes.juntadeandalucia.es\/ieshermanosmedinarivilla\/wp-json\/wp\/v2\/comments?post=7236"}],"version-history":[{"count":1,"href":"https:\/\/blogsaverroes.juntadeandalucia.es\/ieshermanosmedinarivilla\/wp-json\/wp\/v2\/posts\/7236\/revisions"}],"predecessor-version":[{"id":7237,"href":"https:\/\/blogsaverroes.juntadeandalucia.es\/ieshermanosmedinarivilla\/wp-json\/wp\/v2\/posts\/7236\/revisions\/7237"}],"wp:featuredmedia":[{"embeddable":true,"href":"https:\/\/blogsaverroes.juntadeandalucia.es\/ieshermanosmedinarivilla\/wp-json\/wp\/v2\/media\/7228"}],"wp:attachment":[{"href":"https:\/\/blogsaverroes.juntadeandalucia.es\/ieshermanosmedinarivilla\/wp-json\/wp\/v2\/media?parent=7236"}],"wp:term":[{"taxonomy":"category","embeddable":true,"href":"https:\/\/blogsaverroes.juntadeandalucia.es\/ieshermanosmedinarivilla\/wp-json\/wp\/v2\/categories?post=7236"},{"taxonomy":"post_tag","embeddable":true,"href":"https:\/\/blogsaverroes.juntadeandalucia.es\/ieshermanosmedinarivilla\/wp-json\/wp\/v2\/tags?post=7236"}],"curies":[{"name":"wp","href":"https:\/\/api.w.org\/{rel}","templated":true}]}}