{"id":2352,"date":"2023-03-01T13:08:11","date_gmt":"2023-03-01T12:08:11","guid":{"rendered":"https:\/\/blogsaverroes.juntadeandalucia.es\/iesincagarcilaso\/?p=2352"},"modified":"2023-03-01T13:08:11","modified_gmt":"2023-03-01T12:08:11","slug":"convivencia-escolar","status":"publish","type":"post","link":"https:\/\/blogsaverroes.juntadeandalucia.es\/iesincagarcilaso\/convivencia-escolar\/","title":{"rendered":"Convivencia Escolar"},"content":{"rendered":"<p style=\"text-align: justify\"><span style=\"font-size: 12pt;font-family: arial, helvetica, sans-serif\">El alumnado de 2\u00ba de Bachillerato con la ayuda del AMPA han decidido celebrar una tarde de convivencia en el IES Inca Garcilaso, con el objetivo principal de recaudar dinero para su excursi\u00f3n de fin de curso.<\/span><\/p>\n<p style=\"text-align: justify\"><span style=\"font-size: 12pt;font-family: arial, helvetica, sans-serif\">Esta se celebrar\u00e1 el d\u00eda 3 de marzo a partir de las 16:30 de la tarde en nuestro Centro. Adem\u00e1s, durante la tarde se llevar\u00e1n a cabo una serie de talleres y exhibiciones.<\/span><\/p>\n<p style=\"text-align: justify\"><span style=\"font-size: 12pt;font-family: arial, helvetica, sans-serif\">\u00a1Esperamos vuestra asistencia, est\u00e1is todos invitados!<\/span><\/p>\n","protected":false},"excerpt":{"rendered":"<p>El alumnado de 2\u00ba de Bachillerato con la ayuda del AMPA han decidido celebrar una tarde de convivencia en el IES Inca Garcilaso, con el objetivo principal de recaudar dinero para su excursi\u00f3n de fin de curso. Esta se celebrar\u00e1 el d\u00eda 3 de marzo a partir de las 16:30 de la tarde en nuestro [&hellip;]<\/p>\n","protected":false},"author":13399,"featured_media":2353,"comment_status":"closed","ping_status":"open","sticky":false,"template":"","format":"standard","meta":{"_et_pb_use_builder":"","_et_pb_old_content":"","_et_gb_content_width":"","ngg_post_thumbnail":0,"footnotes":""},"categories":[93,65],"tags":[101,100,88],"aioseo_notices":[],"_links":{"self":[{"href":"https:\/\/blogsaverroes.juntadeandalucia.es\/iesincagarcilaso\/wp-json\/wp\/v2\/posts\/2352"}],"collection":[{"href":"https:\/\/blogsaverroes.juntadeandalucia.es\/iesincagarcilaso\/wp-json\/wp\/v2\/posts"}],"about":[{"href":"https:\/\/blogsaverroes.juntadeandalucia.es\/iesincagarcilaso\/wp-json\/wp\/v2\/types\/post"}],"author":[{"embeddable":true,"href":"https:\/\/blogsaverroes.juntadeandalucia.es\/iesincagarcilaso\/wp-json\/wp\/v2\/users\/13399"}],"replies":[{"embeddable":true,"href":"https:\/\/blogsaverroes.juntadeandalucia.es\/iesincagarcilaso\/wp-json\/wp\/v2\/comments?post=2352"}],"version-history":[{"count":1,"href":"https:\/\/blogsaverroes.juntadeandalucia.es\/iesincagarcilaso\/wp-json\/wp\/v2\/posts\/2352\/revisions"}],"predecessor-version":[{"id":2354,"href":"https:\/\/blogsaverroes.juntadeandalucia.es\/iesincagarcilaso\/wp-json\/wp\/v2\/posts\/2352\/revisions\/2354"}],"wp:featuredmedia":[{"embeddable":true,"href":"https:\/\/blogsaverroes.juntadeandalucia.es\/iesincagarcilaso\/wp-json\/wp\/v2\/media\/2353"}],"wp:attachment":[{"href":"https:\/\/blogsaverroes.juntadeandalucia.es\/iesincagarcilaso\/wp-json\/wp\/v2\/media?parent=2352"}],"wp:term":[{"taxonomy":"category","embeddable":true,"href":"https:\/\/blogsaverroes.juntadeandalucia.es\/iesincagarcilaso\/wp-json\/wp\/v2\/categories?post=2352"},{"taxonomy":"post_tag","embeddable":true,"href":"https:\/\/blogsaverroes.juntadeandalucia.es\/iesincagarcilaso\/wp-json\/wp\/v2\/tags?post=2352"}],"curies":[{"name":"wp","href":"https:\/\/api.w.org\/{rel}","templated":true}]}}