{"id":3228,"date":"2024-05-10T22:39:24","date_gmt":"2024-05-10T21:39:24","guid":{"rendered":"https:\/\/blogsaverroes.juntadeandalucia.es\/iesincagarcilaso\/?p=3228"},"modified":"2024-05-10T22:39:24","modified_gmt":"2024-05-10T21:39:24","slug":"celebrada-la-iv-gymkhana-matematica-de-montilla","status":"publish","type":"post","link":"https:\/\/blogsaverroes.juntadeandalucia.es\/iesincagarcilaso\/celebrada-la-iv-gymkhana-matematica-de-montilla\/","title":{"rendered":"Celebrada la IV Gymkhana Matem\u00e1tica de Montilla"},"content":{"rendered":"<p style=\"text-align: justify\"><span style=\"font-size: 12pt;font-family: arial, helvetica, sans-serif\">M\u00e1s de un centenar de alumnos y alumnas de <span style=\"font-size: 14pt\"><strong><span style=\"color: #ff0000\">1\u00ba Bachillerato del IES Inca Garcilaso y del IES Emilio Canalejo Olmeda<\/span><\/strong><\/span>, han recorrido hoy distintos enclaves de nuestra ciudad, participando en la <span style=\"font-size: 14pt\"><strong><span style=\"color: #ff0000\">IV Gymkhana Matem\u00e1tica de Montilla<\/span><\/strong><\/span>.<\/span><\/p>\n<p style=\"text-align: justify\"><span style=\"font-size: 12pt;font-family: arial, helvetica, sans-serif\">La actividad<\/span><span style=\"font-size: 12pt;font-family: arial, helvetica, sans-serif\">, conjuntamente organizada por los departamentos de Matem\u00e1ticas de los dos institutos junto con el Ayuntamiento de Montilla, conmemora la celebraci\u00f3n del d\u00eda Escolar de las Matem\u00e1ticas, y poco a poco, se est\u00e1 convirtiendo en un cl\u00e1sico del Mayo montillano.<\/span><\/p>\n<table style=\"border-collapse: collapse;width: 100%\">\n<tbody>\n<tr>\n<td style=\"width: 33.3333%\"><img loading=\"lazy\" decoding=\"async\" class=\"aligncenter size-large wp-image-3234\" src=\"https:\/\/blogsaverroes.juntadeandalucia.es\/iesincagarcilaso\/files\/2024\/05\/gy6-1024x1024.jpeg\" alt=\"\" width=\"1024\" height=\"1024\" srcset=\"https:\/\/blogsaverroes.juntadeandalucia.es\/iesincagarcilaso\/files\/2024\/05\/gy6-980x980.jpeg 980w, https:\/\/blogsaverroes.juntadeandalucia.es\/iesincagarcilaso\/files\/2024\/05\/gy6-480x480.jpeg 480w\" sizes=\"(min-width: 0px) and (max-width: 480px) 480px, (min-width: 481px) and (max-width: 980px) 980px, (min-width: 981px) 1024px, 100vw\" \/><\/td>\n<td style=\"width: 33.3333%\"><img loading=\"lazy\" decoding=\"async\" class=\"aligncenter size-large wp-image-3233\" src=\"https:\/\/blogsaverroes.juntadeandalucia.es\/iesincagarcilaso\/files\/2024\/05\/gy5-1024x768.jpeg\" alt=\"\" width=\"1024\" height=\"768\" srcset=\"https:\/\/blogsaverroes.juntadeandalucia.es\/iesincagarcilaso\/files\/2024\/05\/gy5-980x735.jpeg 980w, https:\/\/blogsaverroes.juntadeandalucia.es\/iesincagarcilaso\/files\/2024\/05\/gy5-480x360.jpeg 480w\" sizes=\"(min-width: 0px) and (max-width: 480px) 480px, (min-width: 481px) and (max-width: 980px) 980px, (min-width: 981px) 1024px, 100vw\" \/><\/td>\n<td style=\"width: 33.3333%\"><img loading=\"lazy\" decoding=\"async\" class=\"aligncenter size-large wp-image-3232\" src=\"https:\/\/blogsaverroes.juntadeandalucia.es\/iesincagarcilaso\/files\/2024\/05\/gy4-768x1024.jpeg\" alt=\"\" width=\"768\" height=\"1024\"><\/td>\n<\/tr>\n<\/tbody>\n<\/table>\n<p style=\"text-align: justify\"><span style=\"font-size: 12pt;font-family: arial, helvetica, sans-serif\">Ha sido una ma\u00f1ana de convivencia entre alumnos y alumnas de ambos centros en torno a la resoluci\u00f3n de problemas matem\u00e1ticos, visitando distintos puntos del centro hist\u00f3rico. Ataviados en esta ocasi\u00f3n con camisetas negras, han sido emparejados de forma aleatoria formando equipos mixtos de ambos centros de 4\/5 componentes y se han enfrentado a problemas de tipo geom\u00e9trico, algebraico, l\u00f3gico o probabil\u00edstico en una ruta circular con 6 puntos base. <\/span><\/p>\n<p style=\"text-align: justify\"><span style=\"font-size: 12pt;font-family: arial, helvetica, sans-serif\">Al finalizar la realizaci\u00f3n de los mismos han entregado sus resultados, y mientras los profesores han corregido las pruebas, los participantes han disfrutado de unos momentos de convivencia en el Paseo de Cervantes con la realizaci\u00f3n de actividades deportivas coordinadas por el Ciclo de Actividades deportivas del IES Emilio Canalejo y de un aperitivo ofrecido por las AMPAS de ambos centros.<\/span><\/p>\n<table style=\"border-collapse: collapse;width: 100%\">\n<tbody>\n<tr>\n<td style=\"width: 33.3333%\"><img loading=\"lazy\" decoding=\"async\" class=\"aligncenter size-large wp-image-3231\" src=\"https:\/\/blogsaverroes.juntadeandalucia.es\/iesincagarcilaso\/files\/2024\/05\/gy3-1024x1024.jpeg\" alt=\"\" width=\"1024\" height=\"1024\" srcset=\"https:\/\/blogsaverroes.juntadeandalucia.es\/iesincagarcilaso\/files\/2024\/05\/gy3-980x980.jpeg 980w, https:\/\/blogsaverroes.juntadeandalucia.es\/iesincagarcilaso\/files\/2024\/05\/gy3-480x480.jpeg 480w\" sizes=\"(min-width: 0px) and (max-width: 480px) 480px, (min-width: 481px) and (max-width: 980px) 980px, (min-width: 981px) 1024px, 100vw\" \/><\/td>\n<td style=\"width: 33.3333%\"><img loading=\"lazy\" decoding=\"async\" class=\"aligncenter size-large wp-image-3230\" src=\"https:\/\/blogsaverroes.juntadeandalucia.es\/iesincagarcilaso\/files\/2024\/05\/gy2-768x1024.jpeg\" alt=\"\" width=\"768\" height=\"1024\"><\/td>\n<td style=\"width: 33.3333%\"><img loading=\"lazy\" decoding=\"async\" class=\"aligncenter size-large wp-image-3229\" src=\"https:\/\/blogsaverroes.juntadeandalucia.es\/iesincagarcilaso\/files\/2024\/05\/gy1-1024x768.jpeg\" alt=\"\" width=\"1024\" height=\"768\" srcset=\"https:\/\/blogsaverroes.juntadeandalucia.es\/iesincagarcilaso\/files\/2024\/05\/gy1-980x735.jpeg 980w, https:\/\/blogsaverroes.juntadeandalucia.es\/iesincagarcilaso\/files\/2024\/05\/gy1-480x360.jpeg 480w\" sizes=\"(min-width: 0px) and (max-width: 480px) 480px, (min-width: 481px) and (max-width: 980px) 980px, (min-width: 981px) 1024px, 100vw\" \/><\/td>\n<\/tr>\n<\/tbody>\n<\/table>\n<p style=\"text-align: justify\"><span style=\"font-size: 12pt;font-family: arial, helvetica, sans-serif\">El acto ha terminado con la entrega de premios a los equipos ganadores y con el buen sabor de boca de los profesores de, un a\u00f1o m\u00e1s, haber llevado las matem\u00e1ticas a las calles de Montilla. <\/span><\/p>\n<p style=\"text-align: justify\"><span style=\"color: #0000ff\"><strong><em><span style=\"font-size: 12pt;font-family: arial, helvetica, sans-serif\">Muchas gracias a todo el alumnado por su participaci\u00f3n y entusiasmo, al profesorado y AMPAS de los dos centros, al Ciclo de Actividades deportivas del IES Emilio Canalejo y al Ayuntamiento de Montilla.<\/span><\/em><\/strong><\/span><\/p>\n","protected":false},"excerpt":{"rendered":"<p>M\u00e1s de un centenar de alumnos y alumnas de 1\u00ba Bachillerato del IES Inca Garcilaso y del IES Emilio Canalejo Olmeda, han recorrido hoy distintos enclaves de nuestra ciudad, participando en la IV Gymkhana Matem\u00e1tica de Montilla. La actividad, conjuntamente organizada por los departamentos de Matem\u00e1ticas de los dos institutos junto con el Ayuntamiento de [&hellip;]<\/p>\n","protected":false},"author":13399,"featured_media":3231,"comment_status":"closed","ping_status":"open","sticky":false,"template":"","format":"standard","meta":{"_et_pb_use_builder":"","_et_pb_old_content":"","_et_gb_content_width":"","ngg_post_thumbnail":0,"footnotes":""},"categories":[65,13],"tags":[20,19],"aioseo_notices":[],"_links":{"self":[{"href":"https:\/\/blogsaverroes.juntadeandalucia.es\/iesincagarcilaso\/wp-json\/wp\/v2\/posts\/3228"}],"collection":[{"href":"https:\/\/blogsaverroes.juntadeandalucia.es\/iesincagarcilaso\/wp-json\/wp\/v2\/posts"}],"about":[{"href":"https:\/\/blogsaverroes.juntadeandalucia.es\/iesincagarcilaso\/wp-json\/wp\/v2\/types\/post"}],"author":[{"embeddable":true,"href":"https:\/\/blogsaverroes.juntadeandalucia.es\/iesincagarcilaso\/wp-json\/wp\/v2\/users\/13399"}],"replies":[{"embeddable":true,"href":"https:\/\/blogsaverroes.juntadeandalucia.es\/iesincagarcilaso\/wp-json\/wp\/v2\/comments?post=3228"}],"version-history":[{"count":1,"href":"https:\/\/blogsaverroes.juntadeandalucia.es\/iesincagarcilaso\/wp-json\/wp\/v2\/posts\/3228\/revisions"}],"predecessor-version":[{"id":3235,"href":"https:\/\/blogsaverroes.juntadeandalucia.es\/iesincagarcilaso\/wp-json\/wp\/v2\/posts\/3228\/revisions\/3235"}],"wp:featuredmedia":[{"embeddable":true,"href":"https:\/\/blogsaverroes.juntadeandalucia.es\/iesincagarcilaso\/wp-json\/wp\/v2\/media\/3231"}],"wp:attachment":[{"href":"https:\/\/blogsaverroes.juntadeandalucia.es\/iesincagarcilaso\/wp-json\/wp\/v2\/media?parent=3228"}],"wp:term":[{"taxonomy":"category","embeddable":true,"href":"https:\/\/blogsaverroes.juntadeandalucia.es\/iesincagarcilaso\/wp-json\/wp\/v2\/categories?post=3228"},{"taxonomy":"post_tag","embeddable":true,"href":"https:\/\/blogsaverroes.juntadeandalucia.es\/iesincagarcilaso\/wp-json\/wp\/v2\/tags?post=3228"}],"curies":[{"name":"wp","href":"https:\/\/api.w.org\/{rel}","templated":true}]}}