{"id":3530,"date":"2024-11-19T19:41:35","date_gmt":"2024-11-19T18:41:35","guid":{"rendered":"https:\/\/blogsaverroes.juntadeandalucia.es\/iesincagarcilaso\/?p=3530"},"modified":"2024-11-19T19:41:35","modified_gmt":"2024-11-19T18:41:35","slug":"representacion-de-obra-de-teatro-cambiazo-por-la-compania-la-espiga-teatral","status":"publish","type":"post","link":"https:\/\/blogsaverroes.juntadeandalucia.es\/iesincagarcilaso\/representacion-de-obra-de-teatro-cambiazo-por-la-compania-la-espiga-teatral\/","title":{"rendered":"Representaci\u00f3n de obra de teatro &#8220;Cambiazo&#8221; por la compa\u00f1\u00eda &#8220;La espiga teatral&#8221;"},"content":{"rendered":"<p style=\"text-align: justify\"><span style=\"font-size: 12pt;font-family: arial, helvetica, sans-serif\">Hoy martes, 19 de noviembre, ha visitado nuestro centro la <strong><span style=\"color: #008000\">Compa\u00f1\u00eda \u201cLa espiga teatral\u201d<\/span> <\/strong>y ha representado la obra <strong><span style=\"color: #008000\">\u201cCambiazo\u201d<\/span><\/strong> a alumnos y alumnas de 2\u00ba y 3\u00ba ESO.<\/span><\/p>\n<table style=\"border-collapse: collapse;width: 100%\">\n<tbody>\n<tr>\n<td style=\"width: 50%\"><img loading=\"lazy\" decoding=\"async\" class=\"aligncenter  wp-image-3537\" src=\"https:\/\/blogsaverroes.juntadeandalucia.es\/iesincagarcilaso\/files\/2024\/11\/WhatsApp-Image-2024-11-19-at-19.15.22-768x1024.jpeg\" alt=\"\" width=\"303\" height=\"404\"><\/td>\n<td style=\"width: 50%\"><img loading=\"lazy\" decoding=\"async\" class=\"aligncenter size-large wp-image-3536\" src=\"https:\/\/blogsaverroes.juntadeandalucia.es\/iesincagarcilaso\/files\/2024\/11\/WhatsApp-Image-2024-11-19-at-19.15.22-1-1024x768.jpeg\" alt=\"\" width=\"1024\" height=\"768\" srcset=\"https:\/\/blogsaverroes.juntadeandalucia.es\/iesincagarcilaso\/files\/2024\/11\/WhatsApp-Image-2024-11-19-at-19.15.22-1-980x735.jpeg 980w, https:\/\/blogsaverroes.juntadeandalucia.es\/iesincagarcilaso\/files\/2024\/11\/WhatsApp-Image-2024-11-19-at-19.15.22-1-480x360.jpeg 480w\" sizes=\"(min-width: 0px) and (max-width: 480px) 480px, (min-width: 481px) and (max-width: 980px) 980px, (min-width: 981px) 1024px, 100vw\" \/><\/td>\n<\/tr>\n<tr>\n<td style=\"width: 50%\"><img loading=\"lazy\" decoding=\"async\" class=\"aligncenter  wp-image-3535\" src=\"https:\/\/blogsaverroes.juntadeandalucia.es\/iesincagarcilaso\/files\/2024\/11\/WhatsApp-Image-2024-11-19-at-19.15.23-768x1024.jpeg\" alt=\"\" width=\"303\" height=\"404\"><\/td>\n<td style=\"width: 50%\"><img loading=\"lazy\" decoding=\"async\" class=\"aligncenter  wp-image-3533\" src=\"https:\/\/blogsaverroes.juntadeandalucia.es\/iesincagarcilaso\/files\/2024\/11\/WhatsApp-Image-2024-11-19-at-19.15.24-768x1024.jpeg\" alt=\"\" width=\"305\" height=\"407\"><\/td>\n<\/tr>\n<\/tbody>\n<\/table>\n<p style=\"text-align: justify\">\n<span style=\"font-size: 12pt;font-family: arial, helvetica, sans-serif\">Ha sido una experiencia muy agradable para el alumnado, que se ha divertido con una obra muy din\u00e1mica, que les ha ofrecido una visi\u00f3n muy peculiar y divertida de la necesidad de entendernos como seres humanos sin discriminaciones ni prejuicios por causa del g\u00e9nero.<\/span><\/p>\n<p style=\"text-align: justify\">\n<span style=\"color: #0000ff\"><strong><span style=\"font-size: 12pt;font-family: arial, helvetica, sans-serif\">#IncaSomosCultura<\/span><\/strong><\/span><\/p>\n","protected":false},"excerpt":{"rendered":"<p>Hoy martes, 19 de noviembre, ha visitado nuestro centro la Compa\u00f1\u00eda \u201cLa espiga teatral\u201d y ha representado la obra \u201cCambiazo\u201d a alumnos y alumnas de 2\u00ba y 3\u00ba ESO. Ha sido una experiencia muy agradable para el alumnado, que se ha divertido con una obra muy din\u00e1mica, que les ha ofrecido una visi\u00f3n muy peculiar [&hellip;]<\/p>\n","protected":false},"author":13399,"featured_media":3531,"comment_status":"closed","ping_status":"open","sticky":false,"template":"","format":"standard","meta":{"_et_pb_use_builder":"","_et_pb_old_content":"","_et_gb_content_width":"","ngg_post_thumbnail":0,"footnotes":""},"categories":[71,65,121],"tags":[297,88,299,298],"aioseo_notices":[],"_links":{"self":[{"href":"https:\/\/blogsaverroes.juntadeandalucia.es\/iesincagarcilaso\/wp-json\/wp\/v2\/posts\/3530"}],"collection":[{"href":"https:\/\/blogsaverroes.juntadeandalucia.es\/iesincagarcilaso\/wp-json\/wp\/v2\/posts"}],"about":[{"href":"https:\/\/blogsaverroes.juntadeandalucia.es\/iesincagarcilaso\/wp-json\/wp\/v2\/types\/post"}],"author":[{"embeddable":true,"href":"https:\/\/blogsaverroes.juntadeandalucia.es\/iesincagarcilaso\/wp-json\/wp\/v2\/users\/13399"}],"replies":[{"embeddable":true,"href":"https:\/\/blogsaverroes.juntadeandalucia.es\/iesincagarcilaso\/wp-json\/wp\/v2\/comments?post=3530"}],"version-history":[{"count":1,"href":"https:\/\/blogsaverroes.juntadeandalucia.es\/iesincagarcilaso\/wp-json\/wp\/v2\/posts\/3530\/revisions"}],"predecessor-version":[{"id":3538,"href":"https:\/\/blogsaverroes.juntadeandalucia.es\/iesincagarcilaso\/wp-json\/wp\/v2\/posts\/3530\/revisions\/3538"}],"wp:featuredmedia":[{"embeddable":true,"href":"https:\/\/blogsaverroes.juntadeandalucia.es\/iesincagarcilaso\/wp-json\/wp\/v2\/media\/3531"}],"wp:attachment":[{"href":"https:\/\/blogsaverroes.juntadeandalucia.es\/iesincagarcilaso\/wp-json\/wp\/v2\/media?parent=3530"}],"wp:term":[{"taxonomy":"category","embeddable":true,"href":"https:\/\/blogsaverroes.juntadeandalucia.es\/iesincagarcilaso\/wp-json\/wp\/v2\/categories?post=3530"},{"taxonomy":"post_tag","embeddable":true,"href":"https:\/\/blogsaverroes.juntadeandalucia.es\/iesincagarcilaso\/wp-json\/wp\/v2\/tags?post=3530"}],"curies":[{"name":"wp","href":"https:\/\/api.w.org\/{rel}","templated":true}]}}