{"id":3717,"date":"2025-02-06T08:51:05","date_gmt":"2025-02-06T07:51:05","guid":{"rendered":"https:\/\/blogsaverroes.juntadeandalucia.es\/iesincagarcilaso\/?p=3717"},"modified":"2025-02-06T08:51:05","modified_gmt":"2025-02-06T07:51:05","slug":"asistencia-a-obra-de-teatro-en-ingles-frankenstein","status":"publish","type":"post","link":"https:\/\/blogsaverroes.juntadeandalucia.es\/iesincagarcilaso\/asistencia-a-obra-de-teatro-en-ingles-frankenstein\/","title":{"rendered":"Asistencia a obra de teatro en ingl\u00e9s Frankenstein"},"content":{"rendered":"<p style=\"text-align: justify\"><span style=\"font-family: arial, helvetica, sans-serif;font-size: 12pt\">Ayer el alumnado de 2\u00baESO disfrut\u00f3 de un d\u00eda cultural en C\u00f3rdoba organizado por los Departamentos de Ingl\u00e9s y Geograf\u00eda e Historia.<\/span><br \/>\n<span style=\"font-family: arial, helvetica, sans-serif;font-size: 12pt\">Comenzamos la jornada en el <strong><span style=\"color: #0000ff\">Teatro Avanti<\/span><\/strong>, donde asistimos a la <span style=\"color: #0000ff\"><strong>obra en ingl\u00e9s Frankenstein<\/strong><\/span>, una experiencia divertida y educativa.<\/span><\/p>\n<table style=\"border-collapse: collapse;width: 100%\">\n<tbody>\n<tr>\n<td style=\"width: 33.3333%\"><img loading=\"lazy\" decoding=\"async\" class=\"aligncenter size-large wp-image-3718\" src=\"https:\/\/blogsaverroes.juntadeandalucia.es\/iesincagarcilaso\/files\/2025\/02\/WhatsApp-Image-2025-02-05-at-14.27.49-768x1024.jpeg\" alt=\"\" width=\"768\" height=\"1024\"><\/td>\n<td style=\"width: 33.3333%\"><img loading=\"lazy\" decoding=\"async\" class=\"aligncenter size-large wp-image-3720\" src=\"https:\/\/blogsaverroes.juntadeandalucia.es\/iesincagarcilaso\/files\/2025\/02\/WhatsApp-Image-2025-02-05-at-14.27.483-768x1024.jpeg\" alt=\"\" width=\"768\" height=\"1024\"><\/td>\n<td style=\"width: 33.3333%\"><img loading=\"lazy\" decoding=\"async\" class=\"aligncenter  wp-image-3721\" src=\"https:\/\/blogsaverroes.juntadeandalucia.es\/iesincagarcilaso\/files\/2025\/02\/WhatsApp-Image-2025-02-05-at-14.27.482-576x1024.jpeg\" alt=\"\" width=\"247\" height=\"439\"><\/td>\n<\/tr>\n<\/tbody>\n<\/table>\n<p style=\"text-align: justify\"><span style=\"font-family: arial, helvetica, sans-serif;font-size: 12pt\">Despu\u00e9s, dimos un bonito paseo por la Ribera y recargamos energ\u00edas desayunando en el emblem\u00e1tico Patio de los Naranjos. Para cerrar la visita, exploramos la impresionante <strong><span style=\"color: #0000ff\">Mezquita-Catedral<\/span><\/strong>, descubriendo su historia y belleza.<\/span><\/p>\n<table style=\"border-collapse: collapse;width: 100%\">\n<tbody>\n<tr>\n<td style=\"width: 50%\"><img loading=\"lazy\" decoding=\"async\" class=\"aligncenter size-large wp-image-3723\" src=\"https:\/\/blogsaverroes.juntadeandalucia.es\/iesincagarcilaso\/files\/2025\/02\/WhatsApp-Image-2025-02-05-at-14.27.48-768x1024.jpeg\" alt=\"\" width=\"768\" height=\"1024\"><\/td>\n<td style=\"width: 50%\"><img loading=\"lazy\" decoding=\"async\" class=\"aligncenter size-large wp-image-3722\" src=\"https:\/\/blogsaverroes.juntadeandalucia.es\/iesincagarcilaso\/files\/2025\/02\/WhatsApp-Image-2025-02-05-at-14.27.481-768x1024.jpeg\" alt=\"\" width=\"768\" height=\"1024\"><\/td>\n<\/tr>\n<\/tbody>\n<\/table>\n","protected":false},"excerpt":{"rendered":"<p>Ayer el alumnado de 2\u00baESO disfrut\u00f3 de un d\u00eda cultural en C\u00f3rdoba organizado por los Departamentos de Ingl\u00e9s y Geograf\u00eda e Historia. Comenzamos la jornada en el Teatro Avanti, donde asistimos a la obra en ingl\u00e9s Frankenstein, una experiencia divertida y educativa. Despu\u00e9s, dimos un bonito paseo por la Ribera y recargamos energ\u00edas desayunando en [&hellip;]<\/p>\n","protected":false},"author":13399,"featured_media":3719,"comment_status":"closed","ping_status":"open","sticky":false,"template":"","format":"standard","meta":{"_et_pb_use_builder":"","_et_pb_old_content":"","_et_gb_content_width":"","ngg_post_thumbnail":0,"footnotes":""},"categories":[125,271],"tags":[225,327,85],"aioseo_notices":[],"_links":{"self":[{"href":"https:\/\/blogsaverroes.juntadeandalucia.es\/iesincagarcilaso\/wp-json\/wp\/v2\/posts\/3717"}],"collection":[{"href":"https:\/\/blogsaverroes.juntadeandalucia.es\/iesincagarcilaso\/wp-json\/wp\/v2\/posts"}],"about":[{"href":"https:\/\/blogsaverroes.juntadeandalucia.es\/iesincagarcilaso\/wp-json\/wp\/v2\/types\/post"}],"author":[{"embeddable":true,"href":"https:\/\/blogsaverroes.juntadeandalucia.es\/iesincagarcilaso\/wp-json\/wp\/v2\/users\/13399"}],"replies":[{"embeddable":true,"href":"https:\/\/blogsaverroes.juntadeandalucia.es\/iesincagarcilaso\/wp-json\/wp\/v2\/comments?post=3717"}],"version-history":[{"count":1,"href":"https:\/\/blogsaverroes.juntadeandalucia.es\/iesincagarcilaso\/wp-json\/wp\/v2\/posts\/3717\/revisions"}],"predecessor-version":[{"id":3724,"href":"https:\/\/blogsaverroes.juntadeandalucia.es\/iesincagarcilaso\/wp-json\/wp\/v2\/posts\/3717\/revisions\/3724"}],"wp:featuredmedia":[{"embeddable":true,"href":"https:\/\/blogsaverroes.juntadeandalucia.es\/iesincagarcilaso\/wp-json\/wp\/v2\/media\/3719"}],"wp:attachment":[{"href":"https:\/\/blogsaverroes.juntadeandalucia.es\/iesincagarcilaso\/wp-json\/wp\/v2\/media?parent=3717"}],"wp:term":[{"taxonomy":"category","embeddable":true,"href":"https:\/\/blogsaverroes.juntadeandalucia.es\/iesincagarcilaso\/wp-json\/wp\/v2\/categories?post=3717"},{"taxonomy":"post_tag","embeddable":true,"href":"https:\/\/blogsaverroes.juntadeandalucia.es\/iesincagarcilaso\/wp-json\/wp\/v2\/tags?post=3717"}],"curies":[{"name":"wp","href":"https:\/\/api.w.org\/{rel}","templated":true}]}}