{"id":3800,"date":"2025-03-20T10:59:28","date_gmt":"2025-03-20T09:59:28","guid":{"rendered":"https:\/\/blogsaverroes.juntadeandalucia.es\/iesincagarcilaso\/?p=3800"},"modified":"2025-03-20T10:59:28","modified_gmt":"2025-03-20T09:59:28","slug":"feria-del-libro-2025","status":"publish","type":"post","link":"https:\/\/blogsaverroes.juntadeandalucia.es\/iesincagarcilaso\/feria-del-libro-2025\/","title":{"rendered":"Feria del Libro 2025"},"content":{"rendered":"<p style=\"text-align: justify\"><span style=\"font-family: arial, helvetica, sans-serif;font-size: 12pt\">Os recordamos que la <strong><span style=\"color: #0000ff\">feria del libro<\/span> <\/strong>sigue abierta hasta ma\u00f1ana jueves&nbsp; a las 12:00. No olvides hacer tus compras. Hay una gran variedad de libros, desde libros infantiles, juveniles hasta grandes autores premiados. Y qu\u00e9 mejor ocasi\u00f3n, hoy D\u00eda del Padre, que regalar un libro. \u00a1Vamos! \u00a1No te quedes sin el tuyo!&nbsp;<\/span><\/p>\n<p><img loading=\"lazy\" decoding=\"async\" class=\"aligncenter size-large wp-image-3803\" src=\"https:\/\/blogsaverroes.juntadeandalucia.es\/iesincagarcilaso\/files\/2025\/03\/WhatsApp-Image-2025-03-19-at-11.17.27-777x1024.jpeg\" alt=\"\" width=\"777\" height=\"1024\"><\/p>\n","protected":false},"excerpt":{"rendered":"<p>Os recordamos que la feria del libro sigue abierta hasta ma\u00f1ana jueves&nbsp; a las 12:00. No olvides hacer tus compras. Hay una gran variedad de libros, desde libros infantiles, juveniles hasta grandes autores premiados. Y qu\u00e9 mejor ocasi\u00f3n, hoy D\u00eda del Padre, que regalar un libro. \u00a1Vamos! \u00a1No te quedes sin el tuyo!&nbsp;<\/p>\n","protected":false},"author":13399,"featured_media":3802,"comment_status":"closed","ping_status":"open","sticky":false,"template":"","format":"standard","meta":{"_et_pb_use_builder":"","_et_pb_old_content":"","_et_gb_content_width":"","ngg_post_thumbnail":0,"footnotes":""},"categories":[71,65,121],"tags":[73,58,341],"aioseo_notices":[],"_links":{"self":[{"href":"https:\/\/blogsaverroes.juntadeandalucia.es\/iesincagarcilaso\/wp-json\/wp\/v2\/posts\/3800"}],"collection":[{"href":"https:\/\/blogsaverroes.juntadeandalucia.es\/iesincagarcilaso\/wp-json\/wp\/v2\/posts"}],"about":[{"href":"https:\/\/blogsaverroes.juntadeandalucia.es\/iesincagarcilaso\/wp-json\/wp\/v2\/types\/post"}],"author":[{"embeddable":true,"href":"https:\/\/blogsaverroes.juntadeandalucia.es\/iesincagarcilaso\/wp-json\/wp\/v2\/users\/13399"}],"replies":[{"embeddable":true,"href":"https:\/\/blogsaverroes.juntadeandalucia.es\/iesincagarcilaso\/wp-json\/wp\/v2\/comments?post=3800"}],"version-history":[{"count":1,"href":"https:\/\/blogsaverroes.juntadeandalucia.es\/iesincagarcilaso\/wp-json\/wp\/v2\/posts\/3800\/revisions"}],"predecessor-version":[{"id":3804,"href":"https:\/\/blogsaverroes.juntadeandalucia.es\/iesincagarcilaso\/wp-json\/wp\/v2\/posts\/3800\/revisions\/3804"}],"wp:featuredmedia":[{"embeddable":true,"href":"https:\/\/blogsaverroes.juntadeandalucia.es\/iesincagarcilaso\/wp-json\/wp\/v2\/media\/3802"}],"wp:attachment":[{"href":"https:\/\/blogsaverroes.juntadeandalucia.es\/iesincagarcilaso\/wp-json\/wp\/v2\/media?parent=3800"}],"wp:term":[{"taxonomy":"category","embeddable":true,"href":"https:\/\/blogsaverroes.juntadeandalucia.es\/iesincagarcilaso\/wp-json\/wp\/v2\/categories?post=3800"},{"taxonomy":"post_tag","embeddable":true,"href":"https:\/\/blogsaverroes.juntadeandalucia.es\/iesincagarcilaso\/wp-json\/wp\/v2\/tags?post=3800"}],"curies":[{"name":"wp","href":"https:\/\/api.w.org\/{rel}","templated":true}]}}