{"id":3936,"date":"2025-04-24T08:02:35","date_gmt":"2025-04-24T07:02:35","guid":{"rendered":"https:\/\/blogsaverroes.juntadeandalucia.es\/iesincagarcilaso\/?p=3936"},"modified":"2025-04-24T08:02:35","modified_gmt":"2025-04-24T07:02:35","slug":"dia-del-libro-2025","status":"publish","type":"post","link":"https:\/\/blogsaverroes.juntadeandalucia.es\/iesincagarcilaso\/dia-del-libro-2025\/","title":{"rendered":"D\u00eda del Libro 2025"},"content":{"rendered":"<p><span style=\"font-size: 12pt;font-family: arial, helvetica, sans-serif\">Con motivo de la celebraci\u00f3n del <strong><span style=\"color: #ff0000\">D\u00eda del Libro<\/span><\/strong> (mi\u00e9rcoles, 23 de abril) se realizaron en el Centro una serie de actividades:<\/span><\/p>\n<ol>\n<li><span style=\"font-size: 12pt;font-family: arial, helvetica, sans-serif\"><strong>Exposici\u00f3n de esl\u00f3ganes a favor de la lectura en el pasillo de la biblioteca. 2\u00ba ESO.<\/strong><\/span><\/li>\n<li><span style=\"font-size: 12pt;font-family: arial, helvetica, sans-serif\"><strong>Exposici\u00f3n de carteler\u00eda del D\u00eda del Libro en el recibidor del centro. 3\u00ba ESO.<\/strong><\/span><\/li>\n<li><span style=\"font-size: 12pt;font-family: arial, helvetica, sans-serif\"><strong>Entrega de premios del Certamen Literario en la Biblioteca del centro durante el recreo.<\/strong><\/span><\/li>\n<li><span style=\"font-size: 12pt;font-family: arial, helvetica, sans-serif\"><strong>Charla sobre \u201cEl poder de la palabra\u201d del profesor Jos\u00e9 Carlos Aranda de 13:00 a 14:00 h a alumnado de 2\u00ba Bachillerato.<\/strong><\/span><\/li>\n<li><span style=\"font-size: 12pt;font-family: arial, helvetica, sans-serif\"><strong>Salida con 4\u00ba ESO a visitar la Casa del Inca y el archivo bibliogr\u00e1fico de la Casa de las Aguas el d\u00eda 28 de abril a partir del recreo.<\/strong><\/span><\/li>\n<\/ol>\n<p><span style=\"font-size: 12pt;font-family: arial, helvetica, sans-serif\">\u00a1Feliz D\u00eda del libro!<\/span><\/p>\n<p><span style=\"font-size: 12pt;font-family: arial, helvetica, sans-serif\">&#8220;Hoy es un buen d\u00eda para apoyarte en un libro&#8221;<\/span><\/p>\n","protected":false},"excerpt":{"rendered":"<p>Con motivo de la celebraci\u00f3n del D\u00eda del Libro (mi\u00e9rcoles, 23 de abril) se realizaron en el Centro una serie de actividades: Exposici\u00f3n de esl\u00f3ganes a favor de la lectura en el pasillo de la biblioteca. 2\u00ba ESO. Exposici\u00f3n de carteler\u00eda del D\u00eda del Libro en el recibidor del centro. 3\u00ba ESO. Entrega de premios [&hellip;]<\/p>\n","protected":false},"author":13399,"featured_media":3937,"comment_status":"closed","ping_status":"open","sticky":false,"template":"","format":"standard","meta":{"_et_pb_use_builder":"","_et_pb_old_content":"","_et_gb_content_width":"","ngg_post_thumbnail":0,"footnotes":""},"categories":[65,121],"tags":[122],"aioseo_notices":[],"_links":{"self":[{"href":"https:\/\/blogsaverroes.juntadeandalucia.es\/iesincagarcilaso\/wp-json\/wp\/v2\/posts\/3936"}],"collection":[{"href":"https:\/\/blogsaverroes.juntadeandalucia.es\/iesincagarcilaso\/wp-json\/wp\/v2\/posts"}],"about":[{"href":"https:\/\/blogsaverroes.juntadeandalucia.es\/iesincagarcilaso\/wp-json\/wp\/v2\/types\/post"}],"author":[{"embeddable":true,"href":"https:\/\/blogsaverroes.juntadeandalucia.es\/iesincagarcilaso\/wp-json\/wp\/v2\/users\/13399"}],"replies":[{"embeddable":true,"href":"https:\/\/blogsaverroes.juntadeandalucia.es\/iesincagarcilaso\/wp-json\/wp\/v2\/comments?post=3936"}],"version-history":[{"count":1,"href":"https:\/\/blogsaverroes.juntadeandalucia.es\/iesincagarcilaso\/wp-json\/wp\/v2\/posts\/3936\/revisions"}],"predecessor-version":[{"id":3938,"href":"https:\/\/blogsaverroes.juntadeandalucia.es\/iesincagarcilaso\/wp-json\/wp\/v2\/posts\/3936\/revisions\/3938"}],"wp:featuredmedia":[{"embeddable":true,"href":"https:\/\/blogsaverroes.juntadeandalucia.es\/iesincagarcilaso\/wp-json\/wp\/v2\/media\/3937"}],"wp:attachment":[{"href":"https:\/\/blogsaverroes.juntadeandalucia.es\/iesincagarcilaso\/wp-json\/wp\/v2\/media?parent=3936"}],"wp:term":[{"taxonomy":"category","embeddable":true,"href":"https:\/\/blogsaverroes.juntadeandalucia.es\/iesincagarcilaso\/wp-json\/wp\/v2\/categories?post=3936"},{"taxonomy":"post_tag","embeddable":true,"href":"https:\/\/blogsaverroes.juntadeandalucia.es\/iesincagarcilaso\/wp-json\/wp\/v2\/tags?post=3936"}],"curies":[{"name":"wp","href":"https:\/\/api.w.org\/{rel}","templated":true}]}}