{"id":4441,"date":"2026-03-25T12:17:53","date_gmt":"2026-03-25T11:17:53","guid":{"rendered":"https:\/\/blogsaverroes.juntadeandalucia.es\/iesincagarcilaso\/?p=4441"},"modified":"2026-03-25T12:17:53","modified_gmt":"2026-03-25T11:17:53","slug":"i-concurso-de-ortografia","status":"publish","type":"post","link":"https:\/\/blogsaverroes.juntadeandalucia.es\/iesincagarcilaso\/i-concurso-de-ortografia\/","title":{"rendered":"I Concurso de Ortograf\u00eda"},"content":{"rendered":"<p style=\"text-align: justify\"><span style=\"font-family: arial, helvetica, sans-serif;font-size: 12pt\">Ayer finaliz\u00f3 el <span style=\"color: #0000ff;font-size: 14pt\"><strong>I Concurso de Ortograf\u00eda<\/strong><\/span> de nuestro IES, un torneo que comenz\u00f3 en febrero y en el que ha participado todo el alumnado de Secundaria, en esta <span style=\"font-size: 14pt\"><strong><span style=\"color: #0000ff\">&#8220;Semana de las Artes y las Letras&#8221;<\/span><\/strong><\/span> han tenido lugar las dos \u00faltimas fases.<\/span><\/p>\n<table style=\"border-collapse: collapse;width: 100%\">\n<tbody>\n<tr>\n<td style=\"width: 50%\"><img loading=\"lazy\" decoding=\"async\" class=\"aligncenter size-large wp-image-4448\" src=\"https:\/\/blogsaverroes.juntadeandalucia.es\/iesincagarcilaso\/files\/2026\/03\/f885c837-b871-416b-b9ae-acce9f7cd120-1024x768.jpg\" alt=\"\" width=\"1024\" height=\"768\" srcset=\"https:\/\/blogsaverroes.juntadeandalucia.es\/iesincagarcilaso\/files\/2026\/03\/f885c837-b871-416b-b9ae-acce9f7cd120-980x735.jpg 980w, https:\/\/blogsaverroes.juntadeandalucia.es\/iesincagarcilaso\/files\/2026\/03\/f885c837-b871-416b-b9ae-acce9f7cd120-480x360.jpg 480w\" sizes=\"(min-width: 0px) and (max-width: 480px) 480px, (min-width: 481px) and (max-width: 980px) 980px, (min-width: 981px) 1024px, 100vw\" \/><\/td>\n<td style=\"width: 50%\"><img loading=\"lazy\" decoding=\"async\" class=\"aligncenter size-large wp-image-4447\" src=\"https:\/\/blogsaverroes.juntadeandalucia.es\/iesincagarcilaso\/files\/2026\/03\/WhatsApp-Image-2026-03-25-at-09.51.41-1024x768.jpeg\" alt=\"\" width=\"1024\" height=\"768\" srcset=\"https:\/\/blogsaverroes.juntadeandalucia.es\/iesincagarcilaso\/files\/2026\/03\/WhatsApp-Image-2026-03-25-at-09.51.41-980x735.jpeg 980w, https:\/\/blogsaverroes.juntadeandalucia.es\/iesincagarcilaso\/files\/2026\/03\/WhatsApp-Image-2026-03-25-at-09.51.41-480x360.jpeg 480w\" sizes=\"(min-width: 0px) and (max-width: 480px) 480px, (min-width: 481px) and (max-width: 980px) 980px, (min-width: 981px) 1024px, 100vw\" \/><\/td>\n<\/tr>\n<\/tbody>\n<\/table>\n<p style=\"text-align: justify\"><span style=\"font-family: arial, helvetica, sans-serif;font-size: 12pt\">Los semifinalistas realizaron pruebas perfectas de dictados y correcci\u00f3n de errores que exigieron un desempate de deletreo de palabras. En la final, se enfrentaron cuatro participantes en dos categor\u00edas: en la categor\u00eda de 1\u00ba y 2\u00ba de ESO, se enfrentaron Irene Guijarro Polonio y Amanda Carpio M\u00e1rquez; por su parte, en la categor\u00eda de 3\u00ba y 4\u00ba de ESO los finalistas fueron Marina Palma Espejo y Francisco Polonio Espejo. Finalmente, las campeonas fueron Amanda Carpio M\u00e1rquez y Marina Palma Espejo: \u00a1Enhorabuena a las dos! Gracias a nuestro AMPA por ayudarnos a impulsar estas actividades y por el premio de 100\u20ac en material inform\u00e1tico que seguro que ambas sabr\u00e1n aprovechar.<\/span><\/p>\n<table style=\"border-collapse: collapse;width: 100%\">\n<tbody>\n<tr>\n<td style=\"width: 50%\"><img loading=\"lazy\" decoding=\"async\" class=\"aligncenter size-large wp-image-4446\" src=\"https:\/\/blogsaverroes.juntadeandalucia.es\/iesincagarcilaso\/files\/2026\/03\/51f0c9fd-5f82-4ad8-9d2e-6fdb466ec55b-1024x768.jpg\" alt=\"\" width=\"1024\" height=\"768\" srcset=\"https:\/\/blogsaverroes.juntadeandalucia.es\/iesincagarcilaso\/files\/2026\/03\/51f0c9fd-5f82-4ad8-9d2e-6fdb466ec55b-980x735.jpg 980w, https:\/\/blogsaverroes.juntadeandalucia.es\/iesincagarcilaso\/files\/2026\/03\/51f0c9fd-5f82-4ad8-9d2e-6fdb466ec55b-480x360.jpg 480w\" sizes=\"(min-width: 0px) and (max-width: 480px) 480px, (min-width: 481px) and (max-width: 980px) 980px, (min-width: 981px) 1024px, 100vw\" \/><\/td>\n<td style=\"width: 50%\"><img loading=\"lazy\" decoding=\"async\" class=\"aligncenter size-large wp-image-4444\" src=\"https:\/\/blogsaverroes.juntadeandalucia.es\/iesincagarcilaso\/files\/2026\/03\/WhatsApp-Image-2026-03-25-at-09.40.02-1-768x1024.jpeg\" alt=\"\" width=\"768\" height=\"1024\"><\/td>\n<\/tr>\n<tr>\n<td style=\"width: 50%\"><img loading=\"lazy\" decoding=\"async\" class=\"aligncenter size-large wp-image-4443\" src=\"https:\/\/blogsaverroes.juntadeandalucia.es\/iesincagarcilaso\/files\/2026\/03\/WhatsApp-Image-2026-03-24-at-14.12.13-1-1024x768.jpeg\" alt=\"\" width=\"1024\" height=\"768\" srcset=\"https:\/\/blogsaverroes.juntadeandalucia.es\/iesincagarcilaso\/files\/2026\/03\/WhatsApp-Image-2026-03-24-at-14.12.13-1-980x735.jpeg 980w, https:\/\/blogsaverroes.juntadeandalucia.es\/iesincagarcilaso\/files\/2026\/03\/WhatsApp-Image-2026-03-24-at-14.12.13-1-480x360.jpeg 480w\" sizes=\"(min-width: 0px) and (max-width: 480px) 480px, (min-width: 481px) and (max-width: 980px) 980px, (min-width: 981px) 1024px, 100vw\" \/><\/td>\n<td style=\"width: 50%\"><img loading=\"lazy\" decoding=\"async\" class=\"aligncenter size-full wp-image-4442\" src=\"https:\/\/blogsaverroes.juntadeandalucia.es\/iesincagarcilaso\/files\/2026\/03\/CartelOrtografia.jpg\" alt=\"\" width=\"382\" height=\"547\" srcset=\"https:\/\/blogsaverroes.juntadeandalucia.es\/iesincagarcilaso\/files\/2026\/03\/CartelOrtografia.jpg 382w, https:\/\/blogsaverroes.juntadeandalucia.es\/iesincagarcilaso\/files\/2026\/03\/CartelOrtografia-210x300.jpg 210w\" sizes=\"(max-width: 382px) 100vw, 382px\" \/><\/td>\n<\/tr>\n<\/tbody>\n<\/table>\n","protected":false},"excerpt":{"rendered":"<p>Ayer finaliz\u00f3 el I Concurso de Ortograf\u00eda de nuestro IES, un torneo que comenz\u00f3 en febrero y en el que ha participado todo el alumnado de Secundaria, en esta &#8220;Semana de las Artes y las Letras&#8221; han tenido lugar las dos \u00faltimas fases. Los semifinalistas realizaron pruebas perfectas de dictados y correcci\u00f3n de errores que [&hellip;]<\/p>\n","protected":false},"author":13399,"featured_media":4445,"comment_status":"closed","ping_status":"open","sticky":false,"template":"","format":"standard","meta":{"_et_pb_use_builder":"","_et_pb_old_content":"","_et_gb_content_width":"","ngg_post_thumbnail":0,"footnotes":""},"categories":[65,121],"tags":[418,417,419],"aioseo_notices":[],"_links":{"self":[{"href":"https:\/\/blogsaverroes.juntadeandalucia.es\/iesincagarcilaso\/wp-json\/wp\/v2\/posts\/4441"}],"collection":[{"href":"https:\/\/blogsaverroes.juntadeandalucia.es\/iesincagarcilaso\/wp-json\/wp\/v2\/posts"}],"about":[{"href":"https:\/\/blogsaverroes.juntadeandalucia.es\/iesincagarcilaso\/wp-json\/wp\/v2\/types\/post"}],"author":[{"embeddable":true,"href":"https:\/\/blogsaverroes.juntadeandalucia.es\/iesincagarcilaso\/wp-json\/wp\/v2\/users\/13399"}],"replies":[{"embeddable":true,"href":"https:\/\/blogsaverroes.juntadeandalucia.es\/iesincagarcilaso\/wp-json\/wp\/v2\/comments?post=4441"}],"version-history":[{"count":1,"href":"https:\/\/blogsaverroes.juntadeandalucia.es\/iesincagarcilaso\/wp-json\/wp\/v2\/posts\/4441\/revisions"}],"predecessor-version":[{"id":4449,"href":"https:\/\/blogsaverroes.juntadeandalucia.es\/iesincagarcilaso\/wp-json\/wp\/v2\/posts\/4441\/revisions\/4449"}],"wp:featuredmedia":[{"embeddable":true,"href":"https:\/\/blogsaverroes.juntadeandalucia.es\/iesincagarcilaso\/wp-json\/wp\/v2\/media\/4445"}],"wp:attachment":[{"href":"https:\/\/blogsaverroes.juntadeandalucia.es\/iesincagarcilaso\/wp-json\/wp\/v2\/media?parent=4441"}],"wp:term":[{"taxonomy":"category","embeddable":true,"href":"https:\/\/blogsaverroes.juntadeandalucia.es\/iesincagarcilaso\/wp-json\/wp\/v2\/categories?post=4441"},{"taxonomy":"post_tag","embeddable":true,"href":"https:\/\/blogsaverroes.juntadeandalucia.es\/iesincagarcilaso\/wp-json\/wp\/v2\/tags?post=4441"}],"curies":[{"name":"wp","href":"https:\/\/api.w.org\/{rel}","templated":true}]}}