{"id":4450,"date":"2026-03-27T09:06:27","date_gmt":"2026-03-27T08:06:27","guid":{"rendered":"https:\/\/blogsaverroes.juntadeandalucia.es\/iesincagarcilaso\/?p=4450"},"modified":"2026-03-27T09:06:27","modified_gmt":"2026-03-27T08:06:27","slug":"entrega-de-premios-de-la-vi-feria-de-la-ciencia","status":"publish","type":"post","link":"https:\/\/blogsaverroes.juntadeandalucia.es\/iesincagarcilaso\/entrega-de-premios-de-la-vi-feria-de-la-ciencia\/","title":{"rendered":"Entrega de premios de la VI Feria de la Ciencia"},"content":{"rendered":"<div style=\"text-align: justify\"><span style=\"font-family: arial, helvetica, sans-serif;font-size: 12pt\">Ayer mi\u00e9rcoles se entregaron los premios de la <span style=\"color: #0000ff\"><strong>VI Feria de la Ciencia<\/strong><\/span>, celebrada en el centro el pasado mes de febrero, al alumnado de 1\u00baESO. Los ganadores fueron: <strong><span style=\"color: #0000ff\">Alejandro C\u00f3rdoba, David Hidalgo, Mart\u00edn Repiso y Julia Soria<\/span><\/strong>. Todas los retos estaban relacionados con las materias de matem\u00e1ticas, f\u00edsica y qu\u00edmica o tecnolog\u00eda. \u00a1Enhorabuena a los ganadores!<\/span><\/div>\n<div>\n<table style=\"border-collapse: collapse;width: 100%\">\n<tbody>\n<tr>\n<td style=\"width: 50%\"><img loading=\"lazy\" decoding=\"async\" class=\"aligncenter size-large wp-image-4453\" src=\"https:\/\/blogsaverroes.juntadeandalucia.es\/iesincagarcilaso\/files\/2026\/03\/WhatsApp-Image-2026-03-25-at-13.41.41-1024x768.jpeg\" alt=\"\" width=\"1024\" height=\"768\" srcset=\"https:\/\/blogsaverroes.juntadeandalucia.es\/iesincagarcilaso\/files\/2026\/03\/WhatsApp-Image-2026-03-25-at-13.41.41-980x735.jpeg 980w, https:\/\/blogsaverroes.juntadeandalucia.es\/iesincagarcilaso\/files\/2026\/03\/WhatsApp-Image-2026-03-25-at-13.41.41-480x360.jpeg 480w\" sizes=\"(min-width: 0px) and (max-width: 480px) 480px, (min-width: 481px) and (max-width: 980px) 980px, (min-width: 981px) 1024px, 100vw\" \/><\/td>\n<td style=\"width: 50%\"><img loading=\"lazy\" decoding=\"async\" class=\"aligncenter size-large wp-image-4452\" src=\"https:\/\/blogsaverroes.juntadeandalucia.es\/iesincagarcilaso\/files\/2026\/03\/WhatsApp-Image-2026-03-25-at-13.42.001-1024x768.jpeg\" alt=\"\" width=\"1024\" height=\"768\" srcset=\"https:\/\/blogsaverroes.juntadeandalucia.es\/iesincagarcilaso\/files\/2026\/03\/WhatsApp-Image-2026-03-25-at-13.42.001-980x735.jpeg 980w, https:\/\/blogsaverroes.juntadeandalucia.es\/iesincagarcilaso\/files\/2026\/03\/WhatsApp-Image-2026-03-25-at-13.42.001-480x360.jpeg 480w\" sizes=\"(min-width: 0px) and (max-width: 480px) 480px, (min-width: 481px) and (max-width: 980px) 980px, (min-width: 981px) 1024px, 100vw\" \/><\/td>\n<\/tr>\n<\/tbody>\n<\/table>\n<\/div>\n<div style=\"text-align: justify\">&nbsp;<\/div>\n<div style=\"text-align: justify\"><span style=\"color: #0000ff\"><strong><span style=\"font-family: 'arial black', sans-serif;font-size: 12pt\">#VIferiadelaciencia<\/span><\/strong><\/span><\/div>\n<div style=\"text-align: justify\"><span style=\"color: #0000ff\"><strong><span style=\"font-family: 'arial black', sans-serif;font-size: 12pt\">#ciencia<\/span><\/strong><\/span><\/div>\n<div style=\"text-align: justify\"><span style=\"color: #0000ff\"><strong><span style=\"font-family: 'arial black', sans-serif;font-size: 12pt\">#iesincagarcilaso<\/span><\/strong><\/span><\/div>\n","protected":false},"excerpt":{"rendered":"<p>Ayer mi\u00e9rcoles se entregaron los premios de la VI Feria de la Ciencia, celebrada en el centro el pasado mes de febrero, al alumnado de 1\u00baESO. Los ganadores fueron: Alejandro C\u00f3rdoba, David Hidalgo, Mart\u00edn Repiso y Julia Soria. Todas los retos estaban relacionados con las materias de matem\u00e1ticas, f\u00edsica y qu\u00edmica o tecnolog\u00eda. \u00a1Enhorabuena a [&hellip;]<\/p>\n","protected":false},"author":13399,"featured_media":4451,"comment_status":"closed","ping_status":"open","sticky":false,"template":"","format":"standard","meta":{"_et_pb_use_builder":"","_et_pb_old_content":"","_et_gb_content_width":"","ngg_post_thumbnail":0,"footnotes":""},"categories":[65,89],"tags":[318,58,420],"aioseo_notices":[],"_links":{"self":[{"href":"https:\/\/blogsaverroes.juntadeandalucia.es\/iesincagarcilaso\/wp-json\/wp\/v2\/posts\/4450"}],"collection":[{"href":"https:\/\/blogsaverroes.juntadeandalucia.es\/iesincagarcilaso\/wp-json\/wp\/v2\/posts"}],"about":[{"href":"https:\/\/blogsaverroes.juntadeandalucia.es\/iesincagarcilaso\/wp-json\/wp\/v2\/types\/post"}],"author":[{"embeddable":true,"href":"https:\/\/blogsaverroes.juntadeandalucia.es\/iesincagarcilaso\/wp-json\/wp\/v2\/users\/13399"}],"replies":[{"embeddable":true,"href":"https:\/\/blogsaverroes.juntadeandalucia.es\/iesincagarcilaso\/wp-json\/wp\/v2\/comments?post=4450"}],"version-history":[{"count":1,"href":"https:\/\/blogsaverroes.juntadeandalucia.es\/iesincagarcilaso\/wp-json\/wp\/v2\/posts\/4450\/revisions"}],"predecessor-version":[{"id":4454,"href":"https:\/\/blogsaverroes.juntadeandalucia.es\/iesincagarcilaso\/wp-json\/wp\/v2\/posts\/4450\/revisions\/4454"}],"wp:featuredmedia":[{"embeddable":true,"href":"https:\/\/blogsaverroes.juntadeandalucia.es\/iesincagarcilaso\/wp-json\/wp\/v2\/media\/4451"}],"wp:attachment":[{"href":"https:\/\/blogsaverroes.juntadeandalucia.es\/iesincagarcilaso\/wp-json\/wp\/v2\/media?parent=4450"}],"wp:term":[{"taxonomy":"category","embeddable":true,"href":"https:\/\/blogsaverroes.juntadeandalucia.es\/iesincagarcilaso\/wp-json\/wp\/v2\/categories?post=4450"},{"taxonomy":"post_tag","embeddable":true,"href":"https:\/\/blogsaverroes.juntadeandalucia.es\/iesincagarcilaso\/wp-json\/wp\/v2\/tags?post=4450"}],"curies":[{"name":"wp","href":"https:\/\/api.w.org\/{rel}","templated":true}]}}