{"id":1124,"date":"2024-09-11T12:21:13","date_gmt":"2024-09-11T11:21:13","guid":{"rendered":"https:\/\/blogsaverroes.juntadeandalucia.es\/iesjacaranda\/?p=1124"},"modified":"2025-05-23T10:52:57","modified_gmt":"2025-05-23T09:52:57","slug":"horario-de-entrada-lunes-16-de-septiembre","status":"publish","type":"post","link":"https:\/\/blogsaverroes.juntadeandalucia.es\/iesjacaranda\/horario-de-entrada-lunes-16-de-septiembre\/","title":{"rendered":"Horario de entrada lunes 16 de septiembre"},"content":{"rendered":"<p>Nos complace anunciar que el nuevo curso escolar est\u00e1 a punto de comenzar, y estamos emocionados por recibir a nuestros estudiantes de regreso en el&nbsp; IES Jacarand\u00e1. Para ayudar a todos a prepararse para el primer d\u00eda de clases, os anunciamos el horario de entrada para los diferentes niveles.<\/p>\n<p><strong>Horario de Entrada para el Nuevo Curso Escolar 2024-2025<\/strong><\/p>\n<p><img loading=\"lazy\" decoding=\"async\" class=\"aligncenter wp-image-1127 size-full\" src=\"https:\/\/blogsaverroes.juntadeandalucia.es\/iesjacaranda\/files\/2024\/09\/Horario-lunes-16-septiembre-1.png\" alt=\"\" width=\"950\" height=\"594\" srcset=\"https:\/\/blogsaverroes.juntadeandalucia.es\/iesjacaranda\/files\/2024\/09\/Horario-lunes-16-septiembre-1.png 950w, https:\/\/blogsaverroes.juntadeandalucia.es\/iesjacaranda\/files\/2024\/09\/Horario-lunes-16-septiembre-1-480x300.png 480w\" sizes=\"(min-width: 0px) and (max-width: 480px) 480px, (min-width: 481px) 950px, 100vw\" \/><\/p>\n<p>Es importante que los estudiantes lleguen puntualmente para que puedan comenzar su d\u00eda de aprendizaje de manera efectiva.&nbsp;<\/p>\n<p>\u00a1Nos vemos en el primer d\u00eda de clases! Les deseamos un excelente comienzo de curso.<\/p>\n<p>&nbsp;<\/p>\n","protected":false},"excerpt":{"rendered":"<p>Nos complace anunciar que el nuevo curso escolar est\u00e1 a punto de comenzar, y estamos emocionados por recibir a nuestros estudiantes de regreso en el&nbsp; IES Jacarand\u00e1. Para ayudar a todos a prepararse para el primer d\u00eda de clases, os anunciamos el horario de entrada para los diferentes niveles. Horario de Entrada para el Nuevo [&hellip;]<\/p>\n","protected":false},"author":17802,"featured_media":1127,"comment_status":"closed","ping_status":"open","sticky":false,"template":"","format":"standard","meta":{"_et_pb_use_builder":"","_et_pb_old_content":"","_et_gb_content_width":"","ngg_post_thumbnail":0,"footnotes":""},"categories":[1],"tags":[],"aioseo_notices":[],"_links":{"self":[{"href":"https:\/\/blogsaverroes.juntadeandalucia.es\/iesjacaranda\/wp-json\/wp\/v2\/posts\/1124"}],"collection":[{"href":"https:\/\/blogsaverroes.juntadeandalucia.es\/iesjacaranda\/wp-json\/wp\/v2\/posts"}],"about":[{"href":"https:\/\/blogsaverroes.juntadeandalucia.es\/iesjacaranda\/wp-json\/wp\/v2\/types\/post"}],"author":[{"embeddable":true,"href":"https:\/\/blogsaverroes.juntadeandalucia.es\/iesjacaranda\/wp-json\/wp\/v2\/users\/17802"}],"replies":[{"embeddable":true,"href":"https:\/\/blogsaverroes.juntadeandalucia.es\/iesjacaranda\/wp-json\/wp\/v2\/comments?post=1124"}],"version-history":[{"count":2,"href":"https:\/\/blogsaverroes.juntadeandalucia.es\/iesjacaranda\/wp-json\/wp\/v2\/posts\/1124\/revisions"}],"predecessor-version":[{"id":1128,"href":"https:\/\/blogsaverroes.juntadeandalucia.es\/iesjacaranda\/wp-json\/wp\/v2\/posts\/1124\/revisions\/1128"}],"wp:featuredmedia":[{"embeddable":true,"href":"https:\/\/blogsaverroes.juntadeandalucia.es\/iesjacaranda\/wp-json\/wp\/v2\/media\/1127"}],"wp:attachment":[{"href":"https:\/\/blogsaverroes.juntadeandalucia.es\/iesjacaranda\/wp-json\/wp\/v2\/media?parent=1124"}],"wp:term":[{"taxonomy":"category","embeddable":true,"href":"https:\/\/blogsaverroes.juntadeandalucia.es\/iesjacaranda\/wp-json\/wp\/v2\/categories?post=1124"},{"taxonomy":"post_tag","embeddable":true,"href":"https:\/\/blogsaverroes.juntadeandalucia.es\/iesjacaranda\/wp-json\/wp\/v2\/tags?post=1124"}],"curies":[{"name":"wp","href":"https:\/\/api.w.org\/{rel}","templated":true}]}}