{"id":1248,"date":"2025-06-23T13:06:33","date_gmt":"2025-06-23T12:06:33","guid":{"rendered":"https:\/\/blogsaverroes.juntadeandalucia.es\/iesjacaranda\/?p=1248"},"modified":"2025-06-26T09:54:01","modified_gmt":"2025-06-26T08:54:01","slug":"memoria-plan-de-igualdad-2024_25","status":"publish","type":"post","link":"https:\/\/blogsaverroes.juntadeandalucia.es\/iesjacaranda\/memoria-plan-de-igualdad-2024_25\/","title":{"rendered":"Memoria Plan de Igualdad 2024_25"},"content":{"rendered":"<table style=\"border-collapse: collapse;width: 100%\">\n<tbody>\n<tr>\n<td style=\"width: 33.3333%\"><img loading=\"lazy\" decoding=\"async\" class=\"alignnone size-medium wp-image-1256\" src=\"https:\/\/blogsaverroes.juntadeandalucia.es\/iesjacaranda\/files\/2025\/06\/logo_junta_andalucia-300x192.png\" alt=\"\" width=\"300\" height=\"192\" srcset=\"https:\/\/blogsaverroes.juntadeandalucia.es\/iesjacaranda\/files\/2025\/06\/logo_junta_andalucia-300x192.png 300w, https:\/\/blogsaverroes.juntadeandalucia.es\/iesjacaranda\/files\/2025\/06\/logo_junta_andalucia.png 372w\" sizes=\"(max-width: 300px) 100vw, 300px\" \/><\/td>\n<td style=\"width: 33.3333%\"><img loading=\"lazy\" decoding=\"async\" class=\"alignnone size-medium wp-image-1258\" src=\"https:\/\/blogsaverroes.juntadeandalucia.es\/iesjacaranda\/files\/2025\/06\/logo_pacto_estado-300x240.png\" alt=\"\" width=\"300\" height=\"240\"><\/td>\n<td style=\"width: 33.3333%\"><img loading=\"lazy\" decoding=\"async\" class=\"size-medium wp-image-1257 alignnone\" src=\"https:\/\/blogsaverroes.juntadeandalucia.es\/iesjacaranda\/files\/2025\/06\/logo_ministerio_igualdad-300x95.png\" alt=\"\" width=\"300\" height=\"95\"><\/td>\n<\/tr>\n<\/tbody>\n<\/table>\n<p>Os dejamos en este <a href=\"https:\/\/drive.google.com\/file\/d\/1XQMx8HXxdfDYTKVyfDnAzsVn5uuK68OF\/view?usp=sharing\">enlace<\/a> la memoria del Plan de Igualdad del curso 2024\/2025. \u00a1Incre\u00edble la cantidad de actividades que hemos llevado a cabo! Enhorabuena a tod@s por el esfuerzo y la implicaci\u00f3n, y gracias especialmente a nuestra coordinadora por su dedicaci\u00f3n y trabajo constante.<\/p>\n","protected":false},"excerpt":{"rendered":"<p>Os dejamos en este enlace la memoria del Plan de Igualdad del curso 2024\/2025. \u00a1Incre\u00edble la cantidad de actividades que hemos llevado a cabo! Enhorabuena a tod@s por el esfuerzo y la implicaci\u00f3n, y gracias especialmente a nuestra coordinadora por su dedicaci\u00f3n y trabajo constante.<\/p>\n","protected":false},"author":17802,"featured_media":1249,"comment_status":"closed","ping_status":"open","sticky":false,"template":"","format":"standard","meta":{"_et_pb_use_builder":"","_et_pb_old_content":"","_et_gb_content_width":"","ngg_post_thumbnail":0,"footnotes":""},"categories":[4],"tags":[],"aioseo_notices":[],"_links":{"self":[{"href":"https:\/\/blogsaverroes.juntadeandalucia.es\/iesjacaranda\/wp-json\/wp\/v2\/posts\/1248"}],"collection":[{"href":"https:\/\/blogsaverroes.juntadeandalucia.es\/iesjacaranda\/wp-json\/wp\/v2\/posts"}],"about":[{"href":"https:\/\/blogsaverroes.juntadeandalucia.es\/iesjacaranda\/wp-json\/wp\/v2\/types\/post"}],"author":[{"embeddable":true,"href":"https:\/\/blogsaverroes.juntadeandalucia.es\/iesjacaranda\/wp-json\/wp\/v2\/users\/17802"}],"replies":[{"embeddable":true,"href":"https:\/\/blogsaverroes.juntadeandalucia.es\/iesjacaranda\/wp-json\/wp\/v2\/comments?post=1248"}],"version-history":[{"count":5,"href":"https:\/\/blogsaverroes.juntadeandalucia.es\/iesjacaranda\/wp-json\/wp\/v2\/posts\/1248\/revisions"}],"predecessor-version":[{"id":1259,"href":"https:\/\/blogsaverroes.juntadeandalucia.es\/iesjacaranda\/wp-json\/wp\/v2\/posts\/1248\/revisions\/1259"}],"wp:featuredmedia":[{"embeddable":true,"href":"https:\/\/blogsaverroes.juntadeandalucia.es\/iesjacaranda\/wp-json\/wp\/v2\/media\/1249"}],"wp:attachment":[{"href":"https:\/\/blogsaverroes.juntadeandalucia.es\/iesjacaranda\/wp-json\/wp\/v2\/media?parent=1248"}],"wp:term":[{"taxonomy":"category","embeddable":true,"href":"https:\/\/blogsaverroes.juntadeandalucia.es\/iesjacaranda\/wp-json\/wp\/v2\/categories?post=1248"},{"taxonomy":"post_tag","embeddable":true,"href":"https:\/\/blogsaverroes.juntadeandalucia.es\/iesjacaranda\/wp-json\/wp\/v2\/tags?post=1248"}],"curies":[{"name":"wp","href":"https:\/\/api.w.org\/{rel}","templated":true}]}}