{"id":1068,"date":"2022-08-05T12:27:34","date_gmt":"2022-08-05T10:27:34","guid":{"rendered":"https:\/\/blogsaverroes.juntadeandalucia.es\/iesjandula\/?p=1068"},"modified":"2022-08-11T11:52:11","modified_gmt":"2022-08-11T09:52:11","slug":"calendario-fechas-y-horas-examenes-septiembre-1o-bachillerato","status":"publish","type":"post","link":"https:\/\/blogsaverroes.juntadeandalucia.es\/iesjandula\/calendario-fechas-y-horas-examenes-septiembre-1o-bachillerato\/","title":{"rendered":"Calendario fechas y horas ex\u00e1menes Septiembre 1\u00ba Bachillerato"},"content":{"rendered":"<p>En el archivo adjunto podr\u00e9is ver las fechas y horas, as\u00ed como el lugar de los diferentes ex\u00e1menes de Septiembre de 1\u00ba Bachillerato<br \/>\n<a href=\"https:\/\/blogsaverroes.juntadeandalucia.es\/iesjandula\/files\/2022\/08\/Calendario_Examenes_Sbre_1_Bchto.pdf\">Calendario Ex\u00e1menes 1BACH<\/a><\/p>\n","protected":false},"excerpt":{"rendered":"<p>En el archivo adjunto podr\u00e9is ver las fechas y horas, as\u00ed como el lugar de los diferentes ex\u00e1menes de Septiembre de 1\u00ba Bachillerato Calendario Ex\u00e1menes 1BACH<\/p>\n","protected":false},"author":13247,"featured_media":1077,"comment_status":"closed","ping_status":"open","sticky":false,"template":"","format":"status","meta":{"ngg_post_thumbnail":0,"footnotes":""},"categories":[17],"tags":[],"aioseo_notices":[],"_links":{"self":[{"href":"https:\/\/blogsaverroes.juntadeandalucia.es\/iesjandula\/wp-json\/wp\/v2\/posts\/1068"}],"collection":[{"href":"https:\/\/blogsaverroes.juntadeandalucia.es\/iesjandula\/wp-json\/wp\/v2\/posts"}],"about":[{"href":"https:\/\/blogsaverroes.juntadeandalucia.es\/iesjandula\/wp-json\/wp\/v2\/types\/post"}],"author":[{"embeddable":true,"href":"https:\/\/blogsaverroes.juntadeandalucia.es\/iesjandula\/wp-json\/wp\/v2\/users\/13247"}],"replies":[{"embeddable":true,"href":"https:\/\/blogsaverroes.juntadeandalucia.es\/iesjandula\/wp-json\/wp\/v2\/comments?post=1068"}],"version-history":[{"count":4,"href":"https:\/\/blogsaverroes.juntadeandalucia.es\/iesjandula\/wp-json\/wp\/v2\/posts\/1068\/revisions"}],"predecessor-version":[{"id":1074,"href":"https:\/\/blogsaverroes.juntadeandalucia.es\/iesjandula\/wp-json\/wp\/v2\/posts\/1068\/revisions\/1074"}],"wp:featuredmedia":[{"embeddable":true,"href":"https:\/\/blogsaverroes.juntadeandalucia.es\/iesjandula\/wp-json\/wp\/v2\/media\/1077"}],"wp:attachment":[{"href":"https:\/\/blogsaverroes.juntadeandalucia.es\/iesjandula\/wp-json\/wp\/v2\/media?parent=1068"}],"wp:term":[{"taxonomy":"category","embeddable":true,"href":"https:\/\/blogsaverroes.juntadeandalucia.es\/iesjandula\/wp-json\/wp\/v2\/categories?post=1068"},{"taxonomy":"post_tag","embeddable":true,"href":"https:\/\/blogsaverroes.juntadeandalucia.es\/iesjandula\/wp-json\/wp\/v2\/tags?post=1068"}],"curies":[{"name":"wp","href":"https:\/\/api.w.org\/{rel}","templated":true}]}}