{"id":1485,"date":"2023-07-17T10:36:50","date_gmt":"2023-07-17T08:36:50","guid":{"rendered":"https:\/\/blogsaverroes.juntadeandalucia.es\/iesjandula\/?p=1485"},"modified":"2023-07-17T12:31:01","modified_gmt":"2023-07-17T10:31:01","slug":"proyecto-etwinning-came-saw-lived","status":"publish","type":"post","link":"https:\/\/blogsaverroes.juntadeandalucia.es\/iesjandula\/proyecto-etwinning-came-saw-lived\/","title":{"rendered":"Proyecto etwinning CAME, SAW, LIVED"},"content":{"rendered":"<p>Proyecto en el que participan 3 centros: Ies Al-\u00c1ndalus de Almer\u00eda Liceo G. Berto de Vibo Valentia (Italia) y nuestro IES J\u00e1ndula . Alumnos de 3\u00ba ESO y de 1\u00ba Bachillerato participan en este proyecto etwinning asociado a una movilidad Erasmus de nuestra acreditaci\u00f3n 22-23. Por ello este proyecto est\u00e1 relacionado con los principales objetivos de nuestro planes Erasmus: Inclusi\u00f3n Y diversidad, Transformaci\u00f3n digital, Participaci\u00f3n en la vida democr\u00e1tica, valores comunes y compromiso c\u00edvico y patrimonio cultural europeo.<img loading=\"lazy\" decoding=\"async\" src=\"https:\/\/blogsaverroes.juntadeandalucia.es\/iesjandula\/files\/2023\/07\/came-logo-winner-300x300.jpeg\" alt=\"\" width=\"300\" height=\"300\" class=\"alignnone size-medium wp-image-1486\" srcset=\"https:\/\/blogsaverroes.juntadeandalucia.es\/iesjandula\/files\/2023\/07\/came-logo-winner-300x300.jpeg 300w, https:\/\/blogsaverroes.juntadeandalucia.es\/iesjandula\/files\/2023\/07\/came-logo-winner-150x150.jpeg 150w, https:\/\/blogsaverroes.juntadeandalucia.es\/iesjandula\/files\/2023\/07\/came-logo-winner-80x80.jpeg 80w, https:\/\/blogsaverroes.juntadeandalucia.es\/iesjandula\/files\/2023\/07\/came-logo-winner-320x320.jpeg 320w, https:\/\/blogsaverroes.juntadeandalucia.es\/iesjandula\/files\/2023\/07\/came-logo-winner.jpeg 500w\" sizes=\"(max-width: 300px) 100vw, 300px\" \/><br \/>\n<img loading=\"lazy\" decoding=\"async\" src=\"https:\/\/blogsaverroes.juntadeandalucia.es\/iesjandula\/files\/2023\/07\/came-logo-winner-300x300.jpeg\" alt=\"\" width=\"300\" height=\"300\" class=\"alignnone size-medium wp-image-1486\" srcset=\"https:\/\/blogsaverroes.juntadeandalucia.es\/iesjandula\/files\/2023\/07\/came-logo-winner-300x300.jpeg 300w, https:\/\/blogsaverroes.juntadeandalucia.es\/iesjandula\/files\/2023\/07\/came-logo-winner-150x150.jpeg 150w, https:\/\/blogsaverroes.juntadeandalucia.es\/iesjandula\/files\/2023\/07\/came-logo-winner-80x80.jpeg 80w, https:\/\/blogsaverroes.juntadeandalucia.es\/iesjandula\/files\/2023\/07\/came-logo-winner-320x320.jpeg 320w, https:\/\/blogsaverroes.juntadeandalucia.es\/iesjandula\/files\/2023\/07\/came-logo-winner.jpeg 500w\" sizes=\"(max-width: 300px) 100vw, 300px\" \/><img loading=\"lazy\" decoding=\"async\" src=\"https:\/\/blogsaverroes.juntadeandalucia.es\/iesjandula\/files\/2023\/06\/LogoeTwinning-300x227.gif\" alt=\"\" width=\"300\" height=\"227\" class=\"alignnone size-medium wp-image-1436\" srcset=\"https:\/\/blogsaverroes.juntadeandalucia.es\/iesjandula\/files\/2023\/06\/LogoeTwinning-300x227.gif 300w, https:\/\/blogsaverroes.juntadeandalucia.es\/iesjandula\/files\/2023\/06\/LogoeTwinning-768x581.gif 768w\" sizes=\"(max-width: 300px) 100vw, 300px\" \/><\/p>\n","protected":false},"excerpt":{"rendered":"<p>Proyecto en el que participan 3 centros: Ies Al-\u00c1ndalus de Almer\u00eda Liceo G. Berto de Vibo Valentia (Italia) y nuestro IES J\u00e1ndula . Alumnos de 3\u00ba ESO y de 1\u00ba Bachillerato participan en este&#46;&#46;&#46;<\/p>\n","protected":false},"author":18232,"featured_media":1486,"comment_status":"closed","ping_status":"open","sticky":false,"template":"","format":"standard","meta":{"ngg_post_thumbnail":0,"footnotes":""},"categories":[25,16],"tags":[26,29],"aioseo_notices":[],"_links":{"self":[{"href":"https:\/\/blogsaverroes.juntadeandalucia.es\/iesjandula\/wp-json\/wp\/v2\/posts\/1485"}],"collection":[{"href":"https:\/\/blogsaverroes.juntadeandalucia.es\/iesjandula\/wp-json\/wp\/v2\/posts"}],"about":[{"href":"https:\/\/blogsaverroes.juntadeandalucia.es\/iesjandula\/wp-json\/wp\/v2\/types\/post"}],"author":[{"embeddable":true,"href":"https:\/\/blogsaverroes.juntadeandalucia.es\/iesjandula\/wp-json\/wp\/v2\/users\/18232"}],"replies":[{"embeddable":true,"href":"https:\/\/blogsaverroes.juntadeandalucia.es\/iesjandula\/wp-json\/wp\/v2\/comments?post=1485"}],"version-history":[{"count":1,"href":"https:\/\/blogsaverroes.juntadeandalucia.es\/iesjandula\/wp-json\/wp\/v2\/posts\/1485\/revisions"}],"predecessor-version":[{"id":1487,"href":"https:\/\/blogsaverroes.juntadeandalucia.es\/iesjandula\/wp-json\/wp\/v2\/posts\/1485\/revisions\/1487"}],"wp:featuredmedia":[{"embeddable":true,"href":"https:\/\/blogsaverroes.juntadeandalucia.es\/iesjandula\/wp-json\/wp\/v2\/media\/1486"}],"wp:attachment":[{"href":"https:\/\/blogsaverroes.juntadeandalucia.es\/iesjandula\/wp-json\/wp\/v2\/media?parent=1485"}],"wp:term":[{"taxonomy":"category","embeddable":true,"href":"https:\/\/blogsaverroes.juntadeandalucia.es\/iesjandula\/wp-json\/wp\/v2\/categories?post=1485"},{"taxonomy":"post_tag","embeddable":true,"href":"https:\/\/blogsaverroes.juntadeandalucia.es\/iesjandula\/wp-json\/wp\/v2\/tags?post=1485"}],"curies":[{"name":"wp","href":"https:\/\/api.w.org\/{rel}","templated":true}]}}