{"id":1512,"date":"2023-07-17T13:19:28","date_gmt":"2023-07-17T11:19:28","guid":{"rendered":"https:\/\/blogsaverroes.juntadeandalucia.es\/iesjandula\/?p=1512"},"modified":"2023-07-17T13:42:23","modified_gmt":"2023-07-17T11:42:23","slug":"entrevista-a-nuestros-alumnos-erasmus-de-movilidad-de-larga-distancia","status":"publish","type":"post","link":"https:\/\/blogsaverroes.juntadeandalucia.es\/iesjandula\/entrevista-a-nuestros-alumnos-erasmus-de-movilidad-de-larga-distancia\/","title":{"rendered":"Entrevista a nuestros alumnos Erasmus de Movilidad de Larga distancia"},"content":{"rendered":"<p>ERASMUS+: MOVILIDAD DE LARGA DURACI\u00d3N<\/p>\n<p>En el IES J\u00e1ndula, esta modalidad, la de mayor impacto dentro del programa Erasmus+, se espera que aumente en cuanto a pa\u00edses de destino y n\u00famero de plazas de cara al pr\u00f3ximo curso 2023-24.<\/p>\n<p>Si quieres saber m\u00e1s de lo que supone, dale al play y nuestros 4 estudiantes que disfrutaron de su estancia en el Maximilian Kolbe Gymnasium de Colonia (Alemania) te contar\u00e1n algunos detalles de su d\u00eda a d\u00eda all\u00ed durante algo m\u00e1s de un mes. Una experiencia intensa de formaci\u00f3n y crecimiento personal en Europa desde nuestro instituto.<\/p>\n","protected":false},"excerpt":{"rendered":"<p>ERASMUS+: MOVILIDAD DE LARGA DURACI\u00d3N En el IES J\u00e1ndula, esta modalidad, la de mayor impacto dentro del programa Erasmus+, se espera que aumente en cuanto a pa\u00edses de destino y n\u00famero de plazas de&#46;&#46;&#46;<\/p>\n","protected":false},"author":18232,"featured_media":1513,"comment_status":"closed","ping_status":"open","sticky":false,"template":"","format":"video","meta":{"ngg_post_thumbnail":0,"footnotes":""},"categories":[25,16],"tags":[26],"aioseo_notices":[],"_links":{"self":[{"href":"https:\/\/blogsaverroes.juntadeandalucia.es\/iesjandula\/wp-json\/wp\/v2\/posts\/1512"}],"collection":[{"href":"https:\/\/blogsaverroes.juntadeandalucia.es\/iesjandula\/wp-json\/wp\/v2\/posts"}],"about":[{"href":"https:\/\/blogsaverroes.juntadeandalucia.es\/iesjandula\/wp-json\/wp\/v2\/types\/post"}],"author":[{"embeddable":true,"href":"https:\/\/blogsaverroes.juntadeandalucia.es\/iesjandula\/wp-json\/wp\/v2\/users\/18232"}],"replies":[{"embeddable":true,"href":"https:\/\/blogsaverroes.juntadeandalucia.es\/iesjandula\/wp-json\/wp\/v2\/comments?post=1512"}],"version-history":[{"count":1,"href":"https:\/\/blogsaverroes.juntadeandalucia.es\/iesjandula\/wp-json\/wp\/v2\/posts\/1512\/revisions"}],"predecessor-version":[{"id":1514,"href":"https:\/\/blogsaverroes.juntadeandalucia.es\/iesjandula\/wp-json\/wp\/v2\/posts\/1512\/revisions\/1514"}],"wp:featuredmedia":[{"embeddable":true,"href":"https:\/\/blogsaverroes.juntadeandalucia.es\/iesjandula\/wp-json\/wp\/v2\/media\/1513"}],"wp:attachment":[{"href":"https:\/\/blogsaverroes.juntadeandalucia.es\/iesjandula\/wp-json\/wp\/v2\/media?parent=1512"}],"wp:term":[{"taxonomy":"category","embeddable":true,"href":"https:\/\/blogsaverroes.juntadeandalucia.es\/iesjandula\/wp-json\/wp\/v2\/categories?post=1512"},{"taxonomy":"post_tag","embeddable":true,"href":"https:\/\/blogsaverroes.juntadeandalucia.es\/iesjandula\/wp-json\/wp\/v2\/tags?post=1512"}],"curies":[{"name":"wp","href":"https:\/\/api.w.org\/{rel}","templated":true}]}}