{"id":1530,"date":"2023-07-17T21:33:55","date_gmt":"2023-07-17T19:33:55","guid":{"rendered":"https:\/\/blogsaverroes.juntadeandalucia.es\/iesjandula\/?p=1530"},"modified":"2023-07-17T21:33:55","modified_gmt":"2023-07-17T19:33:55","slug":"erasmus-slow-alla-vamos-desenzano-del-garda","status":"publish","type":"post","link":"https:\/\/blogsaverroes.juntadeandalucia.es\/iesjandula\/erasmus-slow-alla-vamos-desenzano-del-garda\/","title":{"rendered":"ERASMUS SLOW: \u00a1All\u00e1 vamos Desenzano del Garda!"},"content":{"rendered":"<p><img loading=\"lazy\" decoding=\"async\" src=\"https:\/\/blogsaverroes.juntadeandalucia.es\/iesjandula\/files\/2023\/07\/Erasmus-S.L.O.W.-Infographic-120x300.png\" alt=\"\" width=\"120\" height=\"300\" class=\"alignnone size-medium wp-image-1531\" srcset=\"https:\/\/blogsaverroes.juntadeandalucia.es\/iesjandula\/files\/2023\/07\/Erasmus-S.L.O.W.-Infographic-120x300.png 120w, https:\/\/blogsaverroes.juntadeandalucia.es\/iesjandula\/files\/2023\/07\/Erasmus-S.L.O.W.-Infographic-410x1024.png 410w, https:\/\/blogsaverroes.juntadeandalucia.es\/iesjandula\/files\/2023\/07\/Erasmus-S.L.O.W.-Infographic-768x1920.png 768w, https:\/\/blogsaverroes.juntadeandalucia.es\/iesjandula\/files\/2023\/07\/Erasmus-S.L.O.W.-Infographic-614x1536.png 614w, https:\/\/blogsaverroes.juntadeandalucia.es\/iesjandula\/files\/2023\/07\/Erasmus-S.L.O.W.-Infographic.png 800w\" sizes=\"(max-width: 120px) 100vw, 120px\" \/><\/p>\n<p><img loading=\"lazy\" decoding=\"async\" src=\"https:\/\/blogsaverroes.juntadeandalucia.es\/iesjandula\/files\/2023\/07\/erasmus-slow-225x300.jpeg\" alt=\"\" width=\"225\" height=\"300\" class=\"alignnone size-medium wp-image-1532\" srcset=\"https:\/\/blogsaverroes.juntadeandalucia.es\/iesjandula\/files\/2023\/07\/erasmus-slow-225x300.jpeg 225w, https:\/\/blogsaverroes.juntadeandalucia.es\/iesjandula\/files\/2023\/07\/erasmus-slow.jpeg 768w\" sizes=\"(max-width: 225px) 100vw, 225px\" \/><img loading=\"lazy\" decoding=\"async\" src=\"https:\/\/blogsaverroes.juntadeandalucia.es\/iesjandula\/files\/2023\/07\/erasmus-slow-225x300.jpeg\" alt=\"\" width=\"225\" height=\"300\" class=\"alignnone size-medium wp-image-1532\" srcset=\"https:\/\/blogsaverroes.juntadeandalucia.es\/iesjandula\/files\/2023\/07\/erasmus-slow-225x300.jpeg 225w, https:\/\/blogsaverroes.juntadeandalucia.es\/iesjandula\/files\/2023\/07\/erasmus-slow.jpeg 768w\" sizes=\"(max-width: 225px) 100vw, 225px\" \/>\u00a1All\u00e1 vamos, Desenzano del Garda! Nuevo proyecto Erasmus-etwinning en el marco de nuestra acreditaci\u00e7on Erasmus:<\/p>\n<p>SLOW Sustainable Life &#8211; Outdoor Wellness es el proyecto que lleva a Italia a este grupo del IES J\u00e1ndula.<\/p>\n<p>\u00bfC\u00f3mo podemos adoptar modos de vida m\u00e1s saludables y sostenibles?<\/p>\n<p>Nos centraremos en comportamientos que fomentan el bienestar f\u00edsico y mental en un entorno natural.<\/p>\n<p>Muchas ganas hay de reencuentro con nuestros amigos del Maximilian-Kolbe-Gymnasium (Colonia) y el Liceo Bagatta (Desenzano del Garda).<\/p>\n","protected":false},"excerpt":{"rendered":"<p>\u00a1All\u00e1 vamos, Desenzano del Garda! Nuevo proyecto Erasmus-etwinning en el marco de nuestra acreditaci\u00e7on Erasmus: SLOW Sustainable Life &#8211; Outdoor Wellness es el proyecto que lleva a Italia a este grupo del IES J\u00e1ndula.&#46;&#46;&#46;<\/p>\n","protected":false},"author":18232,"featured_media":1532,"comment_status":"closed","ping_status":"open","sticky":false,"template":"","format":"standard","meta":{"ngg_post_thumbnail":0,"footnotes":""},"categories":[25,16],"tags":[26,29],"aioseo_notices":[],"_links":{"self":[{"href":"https:\/\/blogsaverroes.juntadeandalucia.es\/iesjandula\/wp-json\/wp\/v2\/posts\/1530"}],"collection":[{"href":"https:\/\/blogsaverroes.juntadeandalucia.es\/iesjandula\/wp-json\/wp\/v2\/posts"}],"about":[{"href":"https:\/\/blogsaverroes.juntadeandalucia.es\/iesjandula\/wp-json\/wp\/v2\/types\/post"}],"author":[{"embeddable":true,"href":"https:\/\/blogsaverroes.juntadeandalucia.es\/iesjandula\/wp-json\/wp\/v2\/users\/18232"}],"replies":[{"embeddable":true,"href":"https:\/\/blogsaverroes.juntadeandalucia.es\/iesjandula\/wp-json\/wp\/v2\/comments?post=1530"}],"version-history":[{"count":2,"href":"https:\/\/blogsaverroes.juntadeandalucia.es\/iesjandula\/wp-json\/wp\/v2\/posts\/1530\/revisions"}],"predecessor-version":[{"id":1534,"href":"https:\/\/blogsaverroes.juntadeandalucia.es\/iesjandula\/wp-json\/wp\/v2\/posts\/1530\/revisions\/1534"}],"wp:featuredmedia":[{"embeddable":true,"href":"https:\/\/blogsaverroes.juntadeandalucia.es\/iesjandula\/wp-json\/wp\/v2\/media\/1532"}],"wp:attachment":[{"href":"https:\/\/blogsaverroes.juntadeandalucia.es\/iesjandula\/wp-json\/wp\/v2\/media?parent=1530"}],"wp:term":[{"taxonomy":"category","embeddable":true,"href":"https:\/\/blogsaverroes.juntadeandalucia.es\/iesjandula\/wp-json\/wp\/v2\/categories?post=1530"},{"taxonomy":"post_tag","embeddable":true,"href":"https:\/\/blogsaverroes.juntadeandalucia.es\/iesjandula\/wp-json\/wp\/v2\/tags?post=1530"}],"curies":[{"name":"wp","href":"https:\/\/api.w.org\/{rel}","templated":true}]}}