{"id":1563,"date":"2023-07-18T11:20:23","date_gmt":"2023-07-18T09:20:23","guid":{"rendered":"https:\/\/blogsaverroes.juntadeandalucia.es\/iesjandula\/?p=1563"},"modified":"2023-07-18T11:20:55","modified_gmt":"2023-07-18T09:20:55","slug":"el-ies-jandula-galardonado-con-el-premio-etwinning-2023","status":"publish","type":"post","link":"https:\/\/blogsaverroes.juntadeandalucia.es\/iesjandula\/el-ies-jandula-galardonado-con-el-premio-etwinning-2023\/","title":{"rendered":"El IES J\u00c1NDULA, galardonado con el Premio eTwinning 2023"},"content":{"rendered":"<p><img loading=\"lazy\" decoding=\"async\" src=\"https:\/\/blogsaverroes.juntadeandalucia.es\/iesjandula\/files\/2023\/07\/Prizes-2023_0-300x300.png\" alt=\"\" width=\"300\" height=\"300\" class=\"alignnone size-medium wp-image-1564\" srcset=\"https:\/\/blogsaverroes.juntadeandalucia.es\/iesjandula\/files\/2023\/07\/Prizes-2023_0-300x300.png 300w, https:\/\/blogsaverroes.juntadeandalucia.es\/iesjandula\/files\/2023\/07\/Prizes-2023_0-150x150.png 150w, https:\/\/blogsaverroes.juntadeandalucia.es\/iesjandula\/files\/2023\/07\/Prizes-2023_0-80x80.png 80w, https:\/\/blogsaverroes.juntadeandalucia.es\/iesjandula\/files\/2023\/07\/Prizes-2023_0-320x320.png 320w, https:\/\/blogsaverroes.juntadeandalucia.es\/iesjandula\/files\/2023\/07\/Prizes-2023_0.png 600w\" sizes=\"(max-width: 300px) 100vw, 300px\" \/>El proyecto eTwinning &#8220;Myth&#8217;art: mythology in arts and literature&#8221; en el que ha participado el alumnado del Departamento de Cultura Cl\u00e1sica del IES J\u00c1NDULA y la profesora Mercedes Casuso, ha sido galardonado con el Premio eTwinning 2023: Innovaci\u00f3n y Educaci\u00f3n.<\/p>\n<p>En esta edici\u00f3n se ha premiado a los proyectos m\u00e1s innovadores de entre los ganadores de las ediciones de 2020, 2021 y 2022.<\/p>\n<p>Nuestro proyecto fue ganador del Premio Nacional y Europeo eTwinning 2021.<\/p>\n","protected":false},"excerpt":{"rendered":"<p>El proyecto eTwinning &#8220;Myth&#8217;art: mythology in arts and literature&#8221; en el que ha participado el alumnado del Departamento de Cultura Cl\u00e1sica del IES J\u00c1NDULA y la profesora Mercedes Casuso, ha sido galardonado con el&#46;&#46;&#46;<\/p>\n","protected":false},"author":18232,"featured_media":1564,"comment_status":"closed","ping_status":"open","sticky":false,"template":"","format":"standard","meta":{"ngg_post_thumbnail":0,"footnotes":""},"categories":[1],"tags":[29],"aioseo_notices":[],"_links":{"self":[{"href":"https:\/\/blogsaverroes.juntadeandalucia.es\/iesjandula\/wp-json\/wp\/v2\/posts\/1563"}],"collection":[{"href":"https:\/\/blogsaverroes.juntadeandalucia.es\/iesjandula\/wp-json\/wp\/v2\/posts"}],"about":[{"href":"https:\/\/blogsaverroes.juntadeandalucia.es\/iesjandula\/wp-json\/wp\/v2\/types\/post"}],"author":[{"embeddable":true,"href":"https:\/\/blogsaverroes.juntadeandalucia.es\/iesjandula\/wp-json\/wp\/v2\/users\/18232"}],"replies":[{"embeddable":true,"href":"https:\/\/blogsaverroes.juntadeandalucia.es\/iesjandula\/wp-json\/wp\/v2\/comments?post=1563"}],"version-history":[{"count":1,"href":"https:\/\/blogsaverroes.juntadeandalucia.es\/iesjandula\/wp-json\/wp\/v2\/posts\/1563\/revisions"}],"predecessor-version":[{"id":1565,"href":"https:\/\/blogsaverroes.juntadeandalucia.es\/iesjandula\/wp-json\/wp\/v2\/posts\/1563\/revisions\/1565"}],"wp:featuredmedia":[{"embeddable":true,"href":"https:\/\/blogsaverroes.juntadeandalucia.es\/iesjandula\/wp-json\/wp\/v2\/media\/1564"}],"wp:attachment":[{"href":"https:\/\/blogsaverroes.juntadeandalucia.es\/iesjandula\/wp-json\/wp\/v2\/media?parent=1563"}],"wp:term":[{"taxonomy":"category","embeddable":true,"href":"https:\/\/blogsaverroes.juntadeandalucia.es\/iesjandula\/wp-json\/wp\/v2\/categories?post=1563"},{"taxonomy":"post_tag","embeddable":true,"href":"https:\/\/blogsaverroes.juntadeandalucia.es\/iesjandula\/wp-json\/wp\/v2\/tags?post=1563"}],"curies":[{"name":"wp","href":"https:\/\/api.w.org\/{rel}","templated":true}]}}