{"id":1809,"date":"2024-03-19T11:16:39","date_gmt":"2024-03-19T10:16:39","guid":{"rendered":"https:\/\/blogsaverroes.juntadeandalucia.es\/iesjandula\/?p=1809"},"modified":"2024-03-19T14:02:04","modified_gmt":"2024-03-19T13:02:04","slug":"escolarizacion-eso-y-bachillerato-curso-2024-2025","status":"publish","type":"post","link":"https:\/\/blogsaverroes.juntadeandalucia.es\/iesjandula\/escolarizacion-eso-y-bachillerato-curso-2024-2025\/","title":{"rendered":"Escolarizaci\u00f3n ESO y Bachillerato curso 2024 &#8211; 2025"},"content":{"rendered":"<p><img loading=\"lazy\" decoding=\"async\" class=\"alignnone wp-image-1804 size-full\" src=\"https:\/\/blogsaverroes.juntadeandalucia.es\/iesjandula\/files\/2024\/02\/Escolarizaci\u00f3n-2023-24-1.jpg\" alt=\"\" width=\"768\" height=\"538\" srcset=\"https:\/\/blogsaverroes.juntadeandalucia.es\/iesjandula\/files\/2024\/02\/Escolarizaci\u00f3n-2023-24-1.jpg 768w, https:\/\/blogsaverroes.juntadeandalucia.es\/iesjandula\/files\/2024\/02\/Escolarizaci\u00f3n-2023-24-1-300x210.jpg 300w\" sizes=\"(max-width: 768px) 100vw, 768px\" \/><\/p>\n<table class=\"aligncenter\" style=\"border-collapse: collapse;width: 100%;border: thick solid #000000\" border=\"1\" cellspacing=\"1\" cellpadding=\"1\">\n<tbody>\n<tr>\n<td style=\"width: 119.141%;border-style: solid;border-color: #000000;text-align: left;vertical-align: middle\" colspan=\"3\">\n<p style=\"text-align: center\"><span style=\"color: #0000ff\"><strong><span style=\"font-size: 24pt\">NUESTRA OFERTA FORMATIVA<\/span><br \/>\n<\/strong><\/span><\/p>\n<ul>\n<li><strong><span style=\"color: #339966\">ESO.<\/span><\/strong> Somos Centro de referencia del Conservatorio de And\u00fajar 1\u00ba ESO<\/li>\n<li><strong><span style=\"color: #339966\">BACHILLERATO.<\/span> <\/strong>Modalidades que ofertamos:\n<ul>\n<li>&nbsp;Humanidades y Ciencias Sociales<\/li>\n<li>Ciencias y Tecnolog\u00eda<\/li>\n<\/ul>\n<\/li>\n<li><span style=\"color: #339966\"><strong>FORMACI\u00d3N PROFESIONAL<\/strong><\/span>:\n<ul>\n<li>Ciclo Formativo de Grado en B\u00e1sico &#8220;Inform\u00e1tica y comunicaciones&#8221;<\/li>\n<li>Ciclo Formativo de Grado Medio en &#8220;Gu\u00eda en el medio natural y de tiempo libre&#8221;<\/li>\n<li>Ciclo formativo de Grado Superior en &#8220;Mecatr\u00f3nica Industrial&#8221;<\/li>\n<li>Ciclo formativo de Grado Superior en &#8220;Desarrollo de Aplicaciones Multiplataforma&#8221;<\/li>\n<li>Ciclo Formativo de Grado Superior en &#8220;Desarrollo de Aplicaciones Web&#8221; (En horario de tarde)<\/li>\n<li>Curso de Especializaci\u00f3n en &#8220;Dise\u00f1o de Videojuegos y Realidad Virtual&#8221;<\/li>\n<\/ul>\n<\/li>\n<\/ul>\n<p><span style=\"text-decoration: underline\"><strong>&nbsp;<\/strong><\/span><\/td>\n<\/tr>\n<tr style=\"height: 145px\">\n<td style=\"width: 12.3182%;height: 241px;border-style: solid;border-color: #000000;text-align: left;vertical-align: middle\" rowspan=\"2\"><span style=\"color: #0000ff\"><strong>Febrero 2024<\/strong><\/span><\/td>\n<td style=\"width: 11.4342%;height: 145px;vertical-align: middle;border: 1px solid #000000\">Jueves 22<\/td>\n<td style=\"width: 95.3889%;text-align: left;vertical-align: middle;border: 1px solid #000000\"><span style=\"text-decoration: underline\"><strong>Visita&nbsp; Centros :<\/strong><\/span><\/p>\n<ul style=\"list-style-type: circle\">\n<li>IES Juan de Barrionuevo (Vva Reina)<\/li>\n<li>Colegio Madre del Divino Pastor (And\u00fajar)<\/li>\n<li>CPR Guadalquivir<\/li>\n<li>Colegio La Salle (And\u00fajar)<\/li>\n<\/ul>\n<\/td>\n<\/tr>\n<tr style=\"height: 96px\">\n<td style=\"width: 11.4342%;height: 96px;text-align: left;vertical-align: middle;border: 1px solid #000000\">Viernes 23<\/td>\n<td style=\"width: 95.3889%;height: 96px;text-align: left;vertical-align: middle;border: 1px solid #000000\"><span style=\"text-decoration: underline\"><strong>Visita Centros:<\/strong><\/span><\/p>\n<ul style=\"list-style-type: circle\">\n<li>CEIP Cristo Rey<\/li>\n<li>CEIP San Eufrasio<\/li>\n<li>CEIP Isidoro Vilaplana<\/li>\n<\/ul>\n<\/td>\n<\/tr>\n<tr style=\"height: 24px\">\n<td style=\"width: 12.3182%;height: 33px;text-align: left;vertical-align: middle;border: 1px solid #000000\"><span style=\"color: #0000ff\"><strong>Marzo 2024<\/strong><\/span><\/td>\n<td style=\"width: 11.4342%;height: 33px;text-align: left;vertical-align: middle;border: 1px solid #000000\">Del 1 al 31<\/td>\n<td style=\"width: 95.3889%;height: 33px;text-align: left;vertical-align: middle;border: 1px solid #000000\">\n<ul style=\"list-style-type: circle\">\n<li><a title=\"Jornada de puertas abiertas\" href=\"https:\/\/blogsaverroes.juntadeandalucia.es\/iesjandula\/jornada-de-puertas-abiertas\/\"><span style=\"color: #ff0000\"><strong>6 de Marzo a las 19:00 horas d\u00eda de puertas abiertas para familias de nuevo<br \/>\ningreso<\/strong><\/span><\/a><\/li>\n<li>Presentaci\u00f3n de Solicitudes ESO &#8211; Bachillerato (<a href=\"https:\/\/www.youtube.com\/watch?v=Y4wkwtMteVY&amp;t=13s\" target=\"_blank\" rel=\"noopener noreferrer\"><span style=\"text-decoration: underline\"><span style=\"color: #000080\"><strong>v\u00eddeo explicativo<\/strong><\/span><\/span><\/a>)<br \/>\n(<span style=\"text-decoration: underline\"><strong><span style=\"color: #000080\"><a style=\"color: #000080;text-decoration: underline\" href=\"https:\/\/www.juntadeandalucia.es\/educacion\/secretariavirtual\/accesoTramite\/543\/\" target=\"_blank\" rel=\"noopener noreferrer\">p\u00e1gina tr\u00e1mite<\/a><\/span><\/strong><\/span>)<\/li>\n<li>Solicitud en pdf&nbsp; (<span style=\"text-decoration: underline\"><strong><span style=\"color: #000080\"><a style=\"color: #000080;text-decoration: underline\" href=\"https:\/\/www.juntadeandalucia.es\/educacion\/portals\/delegate\/content\/7e1d7b27-eaa4-42e7-bfa3-ac436db80ed6\/ANEXO%20III\" target=\"_blank\" rel=\"noopener noreferrer\">Anexo III<\/a><\/span><\/strong><\/span>)<\/li>\n<li>Solicitud Procedimiento Extraordinario de Admisi\u00f3n (despu\u00e9s del 31 de marzo):<br \/>\n<a href=\"https:\/\/www.juntadeandalucia.es\/educacion\/portals\/delegate\/content\/dcec9582-b20c-494b-bfbd-2886c7b8be94\/ANEXO%20IX\" target=\"_blank\" rel=\"noopener noreferrer\"><span style=\"text-decoration: underline\"><strong><span style=\"color: #000080;text-decoration: underline\">Anexo IX<\/span><\/strong><\/span><\/a><\/li>\n<\/ul>\n<\/td>\n<\/tr>\n<tr style=\"height: 24px\">\n<td style=\"width: 12.3182%;height: 48px;text-align: left;vertical-align: middle;border: 1px solid #000000\" rowspan=\"2\"><span style=\"color: #0000ff\"><strong>Abril 2024<\/strong><\/span><\/td>\n<td style=\"width: 11.4342%;height: 24px;text-align: left;vertical-align: middle;border: 1px solid #000000\">Lunes 15<\/td>\n<td style=\"width: 95.3889%;height: 24px;text-align: left;vertical-align: middle;border: 1px solid #000000\"><a href=\"https:\/\/www.juntadeandalucia.es\/educacion\/portales\/web\/escolarizacion\/infantil-a-bachillerato\/autobaremo\" target=\"_blank\" rel=\"noopener noreferrer\"><span style=\"text-decoration: underline\"><strong><span style=\"color: #000080;text-decoration: underline\">Consulta autobaremo<\/span><\/strong><\/span><\/a><\/p>\n<ul style=\"list-style-type: circle\">\n<li>Relaci\u00f3n baremada de alumnado solicitante (<del>aqu\u00ed<\/del>)<\/li>\n<\/ul>\n<\/td>\n<\/tr>\n<tr style=\"height: 24px\">\n<td style=\"width: 11.4342%;height: 24px;text-align: left;vertical-align: middle;border: 1px solid #000000\">Del 16 al 29&nbsp;<\/td>\n<td style=\"width: 95.3889%;height: 24px;text-align: left;vertical-align: middle;border-style: solid;border-color: #000000\">\n<ul style=\"list-style-type: circle\">\n<li>Tr\u00e1mite de audiencias y alegaciones (10 d\u00edas lectivos)<\/li>\n<\/ul>\n<\/td>\n<\/tr>\n<tr style=\"height: 24px\">\n<td style=\"width: 12.3182%;text-align: left;vertical-align: middle;height: 96px;border: 1px solid #000000\" rowspan=\"4\"><span style=\"color: #0000ff\"><strong>Mayo 2024<\/strong><\/span><\/td>\n<td style=\"width: 11.4342%;text-align: left;vertical-align: middle;height: 24px;border: 1px solid #000000\">Lunes 13<\/td>\n<td style=\"width: 95.3889%;text-align: left;vertical-align: middle;height: 24px;border: 1px solid #000000\">\n<ul style=\"list-style-type: circle\">\n<li>Sorteo p\u00fablico para dirimir empates<\/li>\n<\/ul>\n<\/td>\n<\/tr>\n<tr style=\"height: 24px\">\n<td style=\"width: 11.4342%;text-align: left;vertical-align: middle;height: 24px;border: 1px solid #000000\">Martes 14<\/td>\n<td style=\"width: 95.3889%;text-align: left;vertical-align: middle;height: 24px;border: 1px solid #000000\">\n<ul style=\"list-style-type: circle\">\n<li>Publicaci\u00f3n Resoluci\u00f3n procedimiento admisi\u00f3n (<del>aqu\u00ed<\/del>)<\/li>\n<\/ul>\n<\/td>\n<\/tr>\n<tr style=\"height: 24px\">\n<td style=\"width: 11.4342%;text-align: left;vertical-align: middle;height: 24px;border: 1px solid #000000\">Viernes 24<\/td>\n<td style=\"width: 95.3889%;text-align: left;vertical-align: middle;height: 24px;border: 1px solid #000000\">\n<ul style=\"list-style-type: circle\">\n<li>Publicaci\u00f3n Resoluci\u00f3n adjudicaci\u00f3n plaza alumnos no admitidos en el Centro<br \/>\ndocente elegido como prioritario (reubicaci\u00f3n) (<del>aqu\u00ed<\/del>)<\/li>\n<\/ul>\n<\/td>\n<\/tr>\n<tr style=\"height: 24px\">\n<td style=\"width: 11.4342%;text-align: left;vertical-align: middle;height: 24px;border: 1px solid #000000\">S\u00e1bado 25<\/td>\n<td style=\"width: 95.3889%;text-align: left;vertical-align: middle;height: 24px;border: 1px solid #000000\">\n<ul style=\"list-style-type: circle\">\n<li>Comienza el plazo para presentar reclamaciones\/recursos de alzada<\/li>\n<\/ul>\n<\/td>\n<\/tr>\n<tr style=\"height: 24px\">\n<td style=\"width: 12.3182%;text-align: left;vertical-align: middle;height: 24px;border: 1px solid #000000\"><span style=\"color: #0000ff\"><strong>Julio 2024<\/strong><\/span><\/td>\n<td style=\"width: 11.4342%;text-align: left;vertical-align: middle;height: 24px;border: 1px solid #000000\">Del 1 al 10<\/td>\n<td style=\"width: 95.3889%;text-align: left;vertical-align: middle;height: 24px;border: 1px solid #000000\">\n<ul style=\"list-style-type: circle\">\n<li>Plazo de matriculaci\u00f3n (ESO y Bachillerato)<\/li>\n<\/ul>\n<\/td>\n<\/tr>\n<\/tbody>\n<\/table>\n<p>&nbsp;<\/p>\n","protected":false},"excerpt":{"rendered":"<p>NUESTRA OFERTA FORMATIVA ESO. Somos Centro de referencia del Conservatorio de And\u00fajar 1\u00ba ESO BACHILLERATO. Modalidades que ofertamos: &nbsp;Humanidades y Ciencias Sociales Ciencias y Tecnolog\u00eda FORMACI\u00d3N PROFESIONAL: Ciclo Formativo de Grado en B\u00e1sico &#8220;Inform\u00e1tica&#46;&#46;&#46;<\/p>\n","protected":false},"author":11107,"featured_media":1804,"comment_status":"closed","ping_status":"open","sticky":true,"template":"","format":"standard","meta":{"ngg_post_thumbnail":0,"footnotes":""},"categories":[17],"tags":[],"aioseo_notices":[],"_links":{"self":[{"href":"https:\/\/blogsaverroes.juntadeandalucia.es\/iesjandula\/wp-json\/wp\/v2\/posts\/1809"}],"collection":[{"href":"https:\/\/blogsaverroes.juntadeandalucia.es\/iesjandula\/wp-json\/wp\/v2\/posts"}],"about":[{"href":"https:\/\/blogsaverroes.juntadeandalucia.es\/iesjandula\/wp-json\/wp\/v2\/types\/post"}],"author":[{"embeddable":true,"href":"https:\/\/blogsaverroes.juntadeandalucia.es\/iesjandula\/wp-json\/wp\/v2\/users\/11107"}],"replies":[{"embeddable":true,"href":"https:\/\/blogsaverroes.juntadeandalucia.es\/iesjandula\/wp-json\/wp\/v2\/comments?post=1809"}],"version-history":[{"count":32,"href":"https:\/\/blogsaverroes.juntadeandalucia.es\/iesjandula\/wp-json\/wp\/v2\/posts\/1809\/revisions"}],"predecessor-version":[{"id":1811,"href":"https:\/\/blogsaverroes.juntadeandalucia.es\/iesjandula\/wp-json\/wp\/v2\/posts\/1809\/revisions\/1811"}],"wp:featuredmedia":[{"embeddable":true,"href":"https:\/\/blogsaverroes.juntadeandalucia.es\/iesjandula\/wp-json\/wp\/v2\/media\/1804"}],"wp:attachment":[{"href":"https:\/\/blogsaverroes.juntadeandalucia.es\/iesjandula\/wp-json\/wp\/v2\/media?parent=1809"}],"wp:term":[{"taxonomy":"category","embeddable":true,"href":"https:\/\/blogsaverroes.juntadeandalucia.es\/iesjandula\/wp-json\/wp\/v2\/categories?post=1809"},{"taxonomy":"post_tag","embeddable":true,"href":"https:\/\/blogsaverroes.juntadeandalucia.es\/iesjandula\/wp-json\/wp\/v2\/tags?post=1809"}],"curies":[{"name":"wp","href":"https:\/\/api.w.org\/{rel}","templated":true}]}}