{"id":2210,"date":"2024-12-29T21:52:04","date_gmt":"2024-12-29T20:52:04","guid":{"rendered":"https:\/\/blogsaverroes.juntadeandalucia.es\/iesjandula\/?p=2210"},"modified":"2024-12-29T21:52:04","modified_gmt":"2024-12-29T20:52:04","slug":"erasmus-days-un-mes-en-colonia-en-imagenes","status":"publish","type":"post","link":"https:\/\/blogsaverroes.juntadeandalucia.es\/iesjandula\/erasmus-days-un-mes-en-colonia-en-imagenes\/","title":{"rendered":"Erasmus Days: Un mes en Colonia en im\u00e1genes"},"content":{"rendered":"<p>Un mes en Alemania da para mucho, nuestras alumnas Luc\u00eda, Violeta y Triana han querido compartir su experiencia en estos v\u00eddeos. Los alumnos de MLD han pasado por las clases para celebrar los Erasmus Days\u00a0 compartiendo sus vivencias.<\/p>\n<p><a href=\"https:\/\/www.facebook.com\/reel\/844132701251433\/\">https:\/\/www.facebook.com\/reel\/844132701251433\/<\/a><\/p>\n<p><a href=\"https:\/\/www.facebook.com\/reel\/1072961027563121\">https:\/\/www.facebook.com\/reel\/1072961027563121<\/a><\/p>\n<p><a href=\"https:\/\/www.facebook.com\/reel\/1208124420478463\">https:\/\/www.facebook.com\/reel\/1208124420478463<\/a><\/p>\n<p><a href=\"https:\/\/www.facebook.com\/reel\/1768949797210675\">https:\/\/www.facebook.com\/reel\/1768949797210675<\/a><\/p>\n<p>&nbsp;<\/p>\n","protected":false},"excerpt":{"rendered":"<p>Un mes en Alemania da para mucho, nuestras alumnas Luc\u00eda, Violeta y Triana han querido compartir su experiencia en estos v\u00eddeos. Los alumnos de MLD han pasado por las clases para celebrar los Erasmus&#46;&#46;&#46;<\/p>\n","protected":false},"author":18232,"featured_media":2211,"comment_status":"closed","ping_status":"open","sticky":false,"template":"","format":"standard","meta":{"ngg_post_thumbnail":0,"footnotes":""},"categories":[25,16],"tags":[47],"aioseo_notices":[],"_links":{"self":[{"href":"https:\/\/blogsaverroes.juntadeandalucia.es\/iesjandula\/wp-json\/wp\/v2\/posts\/2210"}],"collection":[{"href":"https:\/\/blogsaverroes.juntadeandalucia.es\/iesjandula\/wp-json\/wp\/v2\/posts"}],"about":[{"href":"https:\/\/blogsaverroes.juntadeandalucia.es\/iesjandula\/wp-json\/wp\/v2\/types\/post"}],"author":[{"embeddable":true,"href":"https:\/\/blogsaverroes.juntadeandalucia.es\/iesjandula\/wp-json\/wp\/v2\/users\/18232"}],"replies":[{"embeddable":true,"href":"https:\/\/blogsaverroes.juntadeandalucia.es\/iesjandula\/wp-json\/wp\/v2\/comments?post=2210"}],"version-history":[{"count":1,"href":"https:\/\/blogsaverroes.juntadeandalucia.es\/iesjandula\/wp-json\/wp\/v2\/posts\/2210\/revisions"}],"predecessor-version":[{"id":2212,"href":"https:\/\/blogsaverroes.juntadeandalucia.es\/iesjandula\/wp-json\/wp\/v2\/posts\/2210\/revisions\/2212"}],"wp:featuredmedia":[{"embeddable":true,"href":"https:\/\/blogsaverroes.juntadeandalucia.es\/iesjandula\/wp-json\/wp\/v2\/media\/2211"}],"wp:attachment":[{"href":"https:\/\/blogsaverroes.juntadeandalucia.es\/iesjandula\/wp-json\/wp\/v2\/media?parent=2210"}],"wp:term":[{"taxonomy":"category","embeddable":true,"href":"https:\/\/blogsaverroes.juntadeandalucia.es\/iesjandula\/wp-json\/wp\/v2\/categories?post=2210"},{"taxonomy":"post_tag","embeddable":true,"href":"https:\/\/blogsaverroes.juntadeandalucia.es\/iesjandula\/wp-json\/wp\/v2\/tags?post=2210"}],"curies":[{"name":"wp","href":"https:\/\/api.w.org\/{rel}","templated":true}]}}