{"id":2250,"date":"2025-01-14T09:36:01","date_gmt":"2025-01-14T08:36:01","guid":{"rendered":"https:\/\/blogsaverroes.juntadeandalucia.es\/iesjandula\/?p=2250"},"modified":"2025-01-14T09:38:12","modified_gmt":"2025-01-14T08:38:12","slug":"i-jornadas-de-empleabilidad-en-andujar-y-comarca","status":"publish","type":"post","link":"https:\/\/blogsaverroes.juntadeandalucia.es\/iesjandula\/i-jornadas-de-empleabilidad-en-andujar-y-comarca\/","title":{"rendered":"I JORNADAS DE EMPLEABILIDAD EN AND\u00daJAR Y COMARCA"},"content":{"rendered":"<p>\ud83d\uddd3\ufe0f Estas jornadas se desarrollar\u00e1n en el Teatro Principal, entre las 10 y las 14:30 horas de este mi\u00e9rcoles 15 de enero. Tienen como principal objetivo informar al alumnado de 4\u00ba de ESO y 2\u00ba de Bachillerato de toda la poblaci\u00f3n de las salidas profesionales de los Ciclos Formativos.<\/p>\n<p>\ud83e\udd1d\ud83c\udffc Este proyecto, impulsado por el IES J\u00e1ndula y con la colaboraci\u00f3n del Ayuntamiento de And\u00fajar y la participaci\u00f3n de profesorado del IES Sierra Morena, IES Nuestra Se\u00f1ora de la Cabeza y SAFA, nace de la idea de promover y difundir la oferta de Ciclos Formativos en nuestro centro como una salida de calidad y real para el alumnado que los cursa.<\/p>\n<p>\ud83d\udca1 Nuestro centro es un referente en nuestra comarca por sus diversos Ciclos Formativos: T\u00e9cnico en Gu\u00eda en el medio natural y del tiempo libre, Sistemas Microinform\u00e1ticos y Redes, Desarrollo de Aplicaciones Web y Multiplataforma, as\u00ed como Mecatr\u00f3nica.<\/p>\n<p>\ud83d\udde3\ufe0f Los ponentes ser\u00e1n antiguos estudiantes as\u00ed como profesorado que imparte clase en los Ciclos, incluyendo invitados de otros centros que imparten Formaci\u00f3n Profesional, que nos acompa\u00f1ar\u00e1n tambi\u00e9n en el acto institucional que tendr\u00e1 lugar en el Teatro Principal.<\/p>\n<p>\ud83d\udcaa\ud83c\udffc Esperamos que las jornadas sean una gran oportunidad para mirar al futuro con determinaci\u00f3n.<\/p>\n<p>@ayuntamientoandujar @iessierramorena @iescabeza.es @safaandujar<br \/>\n#yosoydeljandula #And\u00fajar #andujar #jornadas #FP #ciclosformativos #empleabilidad #Empleo #ja\u00e9n #futuro #laboral<br \/>\nhttps:\/\/www.instagram.com\/p\/DExW01_Nw3a\/?igsh=MW16b3h3aXc1YnZjeg==<\/p>\n<p>&nbsp;<\/p>\n","protected":false},"excerpt":{"rendered":"<p>\ud83d\uddd3\ufe0f Estas jornadas se desarrollar\u00e1n en el Teatro Principal, entre las 10 y las 14:30 horas de este mi\u00e9rcoles 15 de enero. Tienen como principal objetivo informar al alumnado de 4\u00ba de ESO y&#46;&#46;&#46;<\/p>\n","protected":false},"author":11107,"featured_media":2251,"comment_status":"closed","ping_status":"open","sticky":true,"template":"","format":"standard","meta":{"ngg_post_thumbnail":0,"footnotes":""},"categories":[33,13,12],"tags":[],"aioseo_notices":[],"_links":{"self":[{"href":"https:\/\/blogsaverroes.juntadeandalucia.es\/iesjandula\/wp-json\/wp\/v2\/posts\/2250"}],"collection":[{"href":"https:\/\/blogsaverroes.juntadeandalucia.es\/iesjandula\/wp-json\/wp\/v2\/posts"}],"about":[{"href":"https:\/\/blogsaverroes.juntadeandalucia.es\/iesjandula\/wp-json\/wp\/v2\/types\/post"}],"author":[{"embeddable":true,"href":"https:\/\/blogsaverroes.juntadeandalucia.es\/iesjandula\/wp-json\/wp\/v2\/users\/11107"}],"replies":[{"embeddable":true,"href":"https:\/\/blogsaverroes.juntadeandalucia.es\/iesjandula\/wp-json\/wp\/v2\/comments?post=2250"}],"version-history":[{"count":1,"href":"https:\/\/blogsaverroes.juntadeandalucia.es\/iesjandula\/wp-json\/wp\/v2\/posts\/2250\/revisions"}],"predecessor-version":[{"id":2252,"href":"https:\/\/blogsaverroes.juntadeandalucia.es\/iesjandula\/wp-json\/wp\/v2\/posts\/2250\/revisions\/2252"}],"wp:featuredmedia":[{"embeddable":true,"href":"https:\/\/blogsaverroes.juntadeandalucia.es\/iesjandula\/wp-json\/wp\/v2\/media\/2251"}],"wp:attachment":[{"href":"https:\/\/blogsaverroes.juntadeandalucia.es\/iesjandula\/wp-json\/wp\/v2\/media?parent=2250"}],"wp:term":[{"taxonomy":"category","embeddable":true,"href":"https:\/\/blogsaverroes.juntadeandalucia.es\/iesjandula\/wp-json\/wp\/v2\/categories?post=2250"},{"taxonomy":"post_tag","embeddable":true,"href":"https:\/\/blogsaverroes.juntadeandalucia.es\/iesjandula\/wp-json\/wp\/v2\/tags?post=2250"}],"curies":[{"name":"wp","href":"https:\/\/api.w.org\/{rel}","templated":true}]}}