{"id":2303,"date":"2025-05-03T09:28:09","date_gmt":"2025-05-03T07:28:09","guid":{"rendered":"https:\/\/blogsaverroes.juntadeandalucia.es\/iesjandula\/?p=2303"},"modified":"2025-05-03T09:28:09","modified_gmt":"2025-05-03T07:28:09","slug":"andujar-destina-7-000-euros-al-proyecto-eco-jandula-para-su-competicion-internacional","status":"publish","type":"post","link":"https:\/\/blogsaverroes.juntadeandalucia.es\/iesjandula\/andujar-destina-7-000-euros-al-proyecto-eco-jandula-para-su-competicion-internacional\/","title":{"rendered":"And\u00fajar destina 7.000 euros al Proyecto Eco-J\u00e1ndula para su competici\u00f3n internacional"},"content":{"rendered":"<p>El Ayuntamiento de And\u00fajar ha acordado una colaboraci\u00f3n econ\u00f3mica de 7.000 euros con el Proyecto Eco-J\u00e1ndula, una innovadora iniciativa del IES J\u00e1ndula que compite a nivel internacional en la creaci\u00f3n del veh\u00edculo ecol\u00f3gico m\u00e1s eficiente. \ud83c\udf31\ud83d\ude97<br data-start=\"243\" data-end=\"246\">La firma del acuerdo fue liderada por el alcalde Paco Carmona, acompa\u00f1ado por la concejala de Educaci\u00f3n Azucena Cepedello y el profesor Manuel Barbero, responsable del proyecto, subrayando el compromiso institucional con la juventud, la educaci\u00f3n t\u00e9cnica y la sostenibilidad. \ud83d\udcd8\ud83d\udd27<br data-start=\"526\" data-end=\"529\">Por primera vez, esta ayuda financiar\u00e1 el viaje del equipo a la competici\u00f3n, que se celebrar\u00e1 este a\u00f1o en Polonia.<br data-start=\"643\" data-end=\"646\">\u00a1Un orgullo andujare\u00f1o en marcha hacia un futuro sostenible!<\/p>\n","protected":false},"excerpt":{"rendered":"<p>El Ayuntamiento de And\u00fajar ha acordado una colaboraci\u00f3n econ\u00f3mica de 7.000 euros con el Proyecto Eco-J\u00e1ndula, una innovadora iniciativa del IES J\u00e1ndula que compite a nivel internacional en la creaci\u00f3n del veh\u00edculo ecol\u00f3gico m\u00e1s&#46;&#46;&#46;<\/p>\n","protected":false},"author":11107,"featured_media":2304,"comment_status":"closed","ping_status":"open","sticky":true,"template":"","format":"standard","meta":{"ngg_post_thumbnail":0,"footnotes":""},"categories":[28],"tags":[],"aioseo_notices":[],"_links":{"self":[{"href":"https:\/\/blogsaverroes.juntadeandalucia.es\/iesjandula\/wp-json\/wp\/v2\/posts\/2303"}],"collection":[{"href":"https:\/\/blogsaverroes.juntadeandalucia.es\/iesjandula\/wp-json\/wp\/v2\/posts"}],"about":[{"href":"https:\/\/blogsaverroes.juntadeandalucia.es\/iesjandula\/wp-json\/wp\/v2\/types\/post"}],"author":[{"embeddable":true,"href":"https:\/\/blogsaverroes.juntadeandalucia.es\/iesjandula\/wp-json\/wp\/v2\/users\/11107"}],"replies":[{"embeddable":true,"href":"https:\/\/blogsaverroes.juntadeandalucia.es\/iesjandula\/wp-json\/wp\/v2\/comments?post=2303"}],"version-history":[{"count":2,"href":"https:\/\/blogsaverroes.juntadeandalucia.es\/iesjandula\/wp-json\/wp\/v2\/posts\/2303\/revisions"}],"predecessor-version":[{"id":2306,"href":"https:\/\/blogsaverroes.juntadeandalucia.es\/iesjandula\/wp-json\/wp\/v2\/posts\/2303\/revisions\/2306"}],"wp:featuredmedia":[{"embeddable":true,"href":"https:\/\/blogsaverroes.juntadeandalucia.es\/iesjandula\/wp-json\/wp\/v2\/media\/2304"}],"wp:attachment":[{"href":"https:\/\/blogsaverroes.juntadeandalucia.es\/iesjandula\/wp-json\/wp\/v2\/media?parent=2303"}],"wp:term":[{"taxonomy":"category","embeddable":true,"href":"https:\/\/blogsaverroes.juntadeandalucia.es\/iesjandula\/wp-json\/wp\/v2\/categories?post=2303"},{"taxonomy":"post_tag","embeddable":true,"href":"https:\/\/blogsaverroes.juntadeandalucia.es\/iesjandula\/wp-json\/wp\/v2\/tags?post=2303"}],"curies":[{"name":"wp","href":"https:\/\/api.w.org\/{rel}","templated":true}]}}