{"id":2323,"date":"2025-03-31T18:32:17","date_gmt":"2025-03-31T16:32:17","guid":{"rendered":"https:\/\/blogsaverroes.juntadeandalucia.es\/iesjandula\/?p=2323"},"modified":"2025-05-22T18:37:04","modified_gmt":"2025-05-22T16:37:04","slug":"practicas-erasmus-talentum-vi","status":"publish","type":"post","link":"https:\/\/blogsaverroes.juntadeandalucia.es\/iesjandula\/practicas-erasmus-talentum-vi\/","title":{"rendered":"PR\u00c1CTICAS ERASMUS TALENTUM VI"},"content":{"rendered":"<p>Uno de nuestros alumnos de 2\u00ba de CFGM de Gu\u00eda en el Medio Natural y Tiempo Libre, est\u00e1 viviendo su experiencia Erasmus en Italia <strong>realizando pr\u00e1cticas (FCT) <\/strong>a trav\u00e9s del programa \u201c<strong>Talentum VI\u201d del Ayuntamiento de And\u00fajar.<\/strong><\/p>\n<p>En concreto, Aimar Santiago Mart\u00ednez est\u00e1 realizando dichas pr\u00e1cticas en la empresa \u201cM2 MOVEMENT\u201d de Campobasso, Italia.<\/p>\n<p>Estar\u00e1 hasta el 24 de junio disfrutando de esta movilidad Erasmus+ y todo gracias al consorcio que el IES J\u00e1ndula tiene con el Ayuntamiento de And\u00fajar.<\/p>\n<p>Le deseamos una feliz estancia y que disfrute mucho de la experiencia.<\/p>\n<p><img loading=\"lazy\" decoding=\"async\" class=\"alignnone size-full wp-image-2309 aligncenter\" src=\"https:\/\/blogsaverroes.juntadeandalucia.es\/iesjandula\/files\/2025\/05\/Cofinanciado_UE.jpg\" alt=\"\" width=\"250\" height=\"62\"><\/p>\n","protected":false},"excerpt":{"rendered":"<p>Uno de nuestros alumnos de 2\u00ba de CFGM de Gu\u00eda en el Medio Natural y Tiempo Libre, est\u00e1 viviendo su experiencia Erasmus en Italia realizando pr\u00e1cticas (FCT) a trav\u00e9s del programa \u201cTalentum VI\u201d del&#46;&#46;&#46;<\/p>\n","protected":false},"author":11107,"featured_media":2324,"comment_status":"closed","ping_status":"open","sticky":false,"template":"","format":"standard","meta":{"ngg_post_thumbnail":0,"footnotes":""},"categories":[16,51],"tags":[],"aioseo_notices":[],"_links":{"self":[{"href":"https:\/\/blogsaverroes.juntadeandalucia.es\/iesjandula\/wp-json\/wp\/v2\/posts\/2323"}],"collection":[{"href":"https:\/\/blogsaverroes.juntadeandalucia.es\/iesjandula\/wp-json\/wp\/v2\/posts"}],"about":[{"href":"https:\/\/blogsaverroes.juntadeandalucia.es\/iesjandula\/wp-json\/wp\/v2\/types\/post"}],"author":[{"embeddable":true,"href":"https:\/\/blogsaverroes.juntadeandalucia.es\/iesjandula\/wp-json\/wp\/v2\/users\/11107"}],"replies":[{"embeddable":true,"href":"https:\/\/blogsaverroes.juntadeandalucia.es\/iesjandula\/wp-json\/wp\/v2\/comments?post=2323"}],"version-history":[{"count":1,"href":"https:\/\/blogsaverroes.juntadeandalucia.es\/iesjandula\/wp-json\/wp\/v2\/posts\/2323\/revisions"}],"predecessor-version":[{"id":2325,"href":"https:\/\/blogsaverroes.juntadeandalucia.es\/iesjandula\/wp-json\/wp\/v2\/posts\/2323\/revisions\/2325"}],"wp:featuredmedia":[{"embeddable":true,"href":"https:\/\/blogsaverroes.juntadeandalucia.es\/iesjandula\/wp-json\/wp\/v2\/media\/2324"}],"wp:attachment":[{"href":"https:\/\/blogsaverroes.juntadeandalucia.es\/iesjandula\/wp-json\/wp\/v2\/media?parent=2323"}],"wp:term":[{"taxonomy":"category","embeddable":true,"href":"https:\/\/blogsaverroes.juntadeandalucia.es\/iesjandula\/wp-json\/wp\/v2\/categories?post=2323"},{"taxonomy":"post_tag","embeddable":true,"href":"https:\/\/blogsaverroes.juntadeandalucia.es\/iesjandula\/wp-json\/wp\/v2\/tags?post=2323"}],"curies":[{"name":"wp","href":"https:\/\/api.w.org\/{rel}","templated":true}]}}