{"id":2334,"date":"2025-06-16T08:53:09","date_gmt":"2025-06-16T06:53:09","guid":{"rendered":"https:\/\/blogsaverroes.juntadeandalucia.es\/iesjandula\/?p=2334"},"modified":"2025-06-16T08:56:32","modified_gmt":"2025-06-16T06:56:32","slug":"presentacion-solicitudes-formacion-profesional-grados-basicos-medios-y-superiores","status":"publish","type":"post","link":"https:\/\/blogsaverroes.juntadeandalucia.es\/iesjandula\/presentacion-solicitudes-formacion-profesional-grados-basicos-medios-y-superiores\/","title":{"rendered":"Presentaci\u00f3n Solicitudes Formaci\u00f3n Profesional Grados B\u00e1sicos, Medios y Superiores"},"content":{"rendered":"<p><span data-huuid=\"17165703686919104001\">El <strong>plazo ordinario de solicitud para ciclos formativos de grados B\u00e1sicos, Medios y Superiores<\/strong> en Andaluc\u00eda para el curso 2025\/2026 es <strong><mark class=\"QVRyCf\">del 15 al 30 de junio<\/mark><\/strong>.&nbsp;<\/span><span data-huuid=\"17165703686919103218\">Se realiza a trav\u00e9s de la Secretar\u00eda Virtual de la Junta de Andaluc\u00eda en el siguiente <a title=\"Secretar\u00eda Virtual\" href=\"https:\/\/www.juntadeandalucia.es\/educacion\/secretariavirtual\/solicitudes\/\">ENLACE<\/a><\/span><\/p>\n<div class=\"WaaZC\">\n<div class=\"RJPOee EIJn2\">\n<div class=\"rPeykc pyPiTc\" data-hveid=\"CA0QAQ\" data-ved=\"2ahUKEwjVqMufpvWNAxW1RaQEHRN5NmcQo_EKegQIDRAB\"><strong>Fechas Clave:<\/strong><\/div>\n<\/div>\n<\/div>\n<div class=\"WaaZC\">\n<div class=\"RJPOee EIJn2\">\n<ul data-hveid=\"CDAQAQ\" data-ved=\"2ahUKEwjVqMufpvWNAxW1RaQEHRN5NmcQm_YKegQIMBAB\">\n<li><span class=\"\" data-huuid=\"14589186474700379107\"><strong>Presentaci\u00f3n de solicitudes:<\/strong>&nbsp;<\/span><span class=\"\" data-huuid=\"14589186474700378350\">Del 15 al 30 de junio.<span class=\"pjBG2e\" data-cid=\"7e7f50dc-9778-44da-8a1b-8d35cfd00345\"><span class=\"UV3uM\">&nbsp;<\/span><\/span><\/span>\n<div class=\"NPrrbc\" data-cid=\"7e7f50dc-9778-44da-8a1b-8d35cfd00345\" data-uuids=\"14589186474700379107,14589186474700378350\">\n<div class=\"BMebGe btku5b fCrZyc LwdV0e FR7ZSc OJeuxf\" role=\"button\" aria-label=\"Ver enlaces relacionados\" data-hveid=\"CB4QAQ\" data-ved=\"2ahUKEwjVqMufpvWNAxW1RaQEHRN5NmcQ3fYKegQIHhAB\">&nbsp;<\/div>\n<\/div>\n<\/li>\n<li><span class=\"oXzekf\" data-huuid=\"14589186474700380932\"><strong>Publicaci\u00f3n de listas provisionales de solicitantes:<\/strong>&nbsp;<\/span><span class=\"oXzekf\" data-huuid=\"14589186474700380175\">3 de julio.<span class=\"pjBG2e\" data-cid=\"6206668c-d6ea-4526-a480-3f8c4efa2b85\"><span class=\"UV3uM\">&nbsp;<\/span><\/span><\/span>\n<div class=\"NPrrbc\" data-cid=\"6206668c-d6ea-4526-a480-3f8c4efa2b85\" data-uuids=\"14589186474700380932,14589186474700380175\">\n<div class=\"BMebGe btku5b fCrZyc LwdV0e FR7ZSc OJeuxf\" role=\"button\" aria-label=\"Ver enlaces relacionados\" data-hveid=\"CCIQAQ\" data-ved=\"2ahUKEwjVqMufpvWNAxW1RaQEHRN5NmcQ3fYKegQIIhAB\">&nbsp;<\/div>\n<\/div>\n<\/li>\n<li><span data-huuid=\"14589186474700378661\"><strong>Alegaciones:<\/strong>&nbsp;<\/span><span data-huuid=\"14589186474700382000\">Del 4 al 7 de julio.<span class=\"pjBG2e\" data-cid=\"d0f08d00-cec9-48bf-b22c-a85cf2eddba5\"><span class=\"UV3uM\">&nbsp;<\/span><\/span><\/span>\n<div class=\"NPrrbc\" data-cid=\"d0f08d00-cec9-48bf-b22c-a85cf2eddba5\" data-uuids=\"14589186474700378661,14589186474700382000\">\n<div class=\"BMebGe btku5b fCrZyc LwdV0e FR7ZSc OJeuxf\" role=\"button\" aria-label=\"Ver enlaces relacionados\" data-hveid=\"CB8QAQ\" data-ved=\"2ahUKEwjVqMufpvWNAxW1RaQEHRN5NmcQ3fYKegQIHxAB\">&nbsp;<\/div>\n<\/div>\n<\/li>\n<li><span data-huuid=\"14589186474700380486\"><strong>Publicaci\u00f3n de listas definitivas de solicitantes:<\/strong>&nbsp;<\/span><span data-huuid=\"14589186474700379729\">10 de julio.<span class=\"pjBG2e\" data-cid=\"fda556c1-da8f-4bfb-bffe-2e321ee886ed\"><span class=\"UV3uM\">&nbsp;<\/span><\/span><\/span>\n<div class=\"NPrrbc\" data-cid=\"fda556c1-da8f-4bfb-bffe-2e321ee886ed\" data-uuids=\"14589186474700380486,14589186474700379729\">\n<div class=\"BMebGe btku5b fCrZyc LwdV0e FR7ZSc OJeuxf\" role=\"button\" aria-label=\"Ver enlaces relacionados\" data-hveid=\"CCYQAQ\" data-ved=\"2ahUKEwjVqMufpvWNAxW1RaQEHRN5NmcQ3fYKegQIJhAB\">&nbsp;<\/div>\n<\/div>\n<\/li>\n<li><span data-huuid=\"14589186474700378215\"><strong>Matr\u00edcula:<\/strong>&nbsp;<\/span><span data-huuid=\"14589186474700381554\">Del 11 al 16 de julio.<span class=\"pjBG2e\" data-cid=\"dec312ad-1ae9-46e6-a749-cc2950da3b8a\"><span class=\"UV3uM\">&nbsp;<\/span><\/span><\/span>\n<div class=\"NPrrbc\" data-cid=\"dec312ad-1ae9-46e6-a749-cc2950da3b8a\" data-uuids=\"14589186474700378215,14589186474700381554\">\n<div class=\"BMebGe btku5b fCrZyc LwdV0e FR7ZSc OJeuxf\" role=\"button\" aria-label=\"Ver enlaces relacionados\" data-hveid=\"CCUQAQ\" data-ved=\"2ahUKEwjVqMufpvWNAxW1RaQEHRN5NmcQ3fYKegQIJRAB\">&nbsp;<\/div>\n<\/div>\n<\/li>\n<li><span data-huuid=\"14589186474700380040\"><strong>Segunda adjudicaci\u00f3n:<\/strong>&nbsp;<\/span><span data-huuid=\"14589186474700379283\">21 de julio.<span class=\"pjBG2e\" data-cid=\"415e7665-c5be-427e-8535-255b3a4fb623\"><span class=\"UV3uM\">&nbsp;<\/span><\/span><\/span>\n<div class=\"NPrrbc\" data-cid=\"415e7665-c5be-427e-8535-255b3a4fb623\" data-uuids=\"14589186474700380040,14589186474700379283\">\n<div class=\"BMebGe btku5b fCrZyc LwdV0e FR7ZSc OJeuxf\" role=\"button\" aria-label=\"Ver enlaces relacionados\" data-hveid=\"CCcQAQ\" data-ved=\"2ahUKEwjVqMufpvWNAxW1RaQEHRN5NmcQ3fYKegQIJxAB\">&nbsp;<\/div>\n<\/div>\n<\/li>\n<li><span data-huuid=\"14589186474700381865\"><strong>Matr\u00edcula (segunda adjudicaci\u00f3n):<\/strong>&nbsp;<\/span><span data-huuid=\"14589186474700381108\">Del 22 al 24 de julio.<span class=\"pjBG2e\" data-cid=\"7118bbe5-17b3-40fd-a8ec-f889aca3d5fc\"><span class=\"UV3uM\">&nbsp;<\/span><\/span><\/span>\n<div class=\"NPrrbc\" data-cid=\"7118bbe5-17b3-40fd-a8ec-f889aca3d5fc\" data-uuids=\"14589186474700381865,14589186474700381108\">\n<div class=\"BMebGe btku5b fCrZyc LwdV0e FR7ZSc OJeuxf\" role=\"button\" aria-label=\"Ver enlaces relacionados\" data-hveid=\"CCQQAQ\" data-ved=\"2ahUKEwjVqMufpvWNAxW1RaQEHRN5NmcQ3fYKegQIJBAB\">&nbsp;<\/div>\n<\/div>\n<\/li>\n<li><span data-huuid=\"14589186474700379594\"><strong>Plazo extraordinario:<\/strong>&nbsp;<\/span><span data-huuid=\"14589186474700378837\">Se puede solicitar plaza en el periodo extraordinario si quedan vacantes, usualmente en septiembre, a trav\u00e9s de la Secretar\u00eda Virtual o directamente en el centro.<span class=\"pjBG2e\" data-cid=\"243e6c44-35e5-4645-9907-8f9853671af6\"><span class=\"UV3uM\">&nbsp;<\/span><\/span><\/span>\n<div class=\"NPrrbc\" data-cid=\"243e6c44-35e5-4645-9907-8f9853671af6\" data-uuids=\"14589186474700379594,14589186474700378837\">\n<div class=\"BMebGe btku5b fCrZyc LwdV0e FR7ZSc OJeuxf\" role=\"button\" aria-label=\"Ver enlaces relacionados\" data-hveid=\"CCgQAQ\" data-ved=\"2ahUKEwjVqMufpvWNAxW1RaQEHRN5NmcQ3fYKegQIKBAB\">&nbsp;<\/div>\n<\/div>\n<\/li>\n<\/ul>\n<\/div>\n<\/div>\n<div class=\"WaaZC\">\n<div class=\"RJPOee EIJn2\">\n<div class=\"rPeykc pyPiTc\" data-hveid=\"CDYQAQ\" data-ved=\"2ahUKEwjVqMufpvWNAxW1RaQEHRN5NmcQo_EKegQINhAB\"><strong>Recomendaciones:<\/strong><\/div>\n<\/div>\n<\/div>\n<div class=\"WaaZC\">\n<div class=\"RJPOee EIJn2\">\n<ul data-hveid=\"CEMQAQ\" data-ved=\"2ahUKEwjVqMufpvWNAxW1RaQEHRN5NmcQm_YKegQIQxAB\">\n<li><span data-huuid=\"17878320524977547562\">Es importante consultar la p\u00e1gina web de la <a href=\"https:\/\/www.juntadeandalucia.es\/educacion\/portales\/web\/formacion-profesional-andaluza\">Consejer\u00eda de Educaci\u00f3n de la Junta de Andaluc\u00eda<\/a> para obtener informaci\u00f3n actualizada y precisa, as\u00ed como para acceder a la Secretar\u00eda Virtual.<span class=\"pjBG2e\" data-cid=\"3abc41c9-fa1e-4e27-ba37-6878e6eb48fc\"><span class=\"UV3uM\">&nbsp;<\/span><\/span><\/span>\n<div class=\"NPrrbc\" data-cid=\"3abc41c9-fa1e-4e27-ba37-6878e6eb48fc\" data-uuids=\"17878320524977547562\">\n<div class=\"BMebGe btku5b fCrZyc LwdV0e FR7ZSc OJeuxf\" role=\"button\" aria-label=\"Ver enlaces relacionados\" data-hveid=\"CDkQAQ\" data-ved=\"2ahUKEwjVqMufpvWNAxW1RaQEHRN5NmcQ3fYKegQIORAB\">&nbsp;<\/div>\n<\/div>\n<\/li>\n<li><span data-huuid=\"17878320524977548998\">Se aconseja estar atento a las fechas y plazos establecidos para no perder ninguna oportunidad.<span class=\"pjBG2e\" data-cid=\"4018a643-6538-4b30-80da-5bd20065b6d4\"><span class=\"UV3uM\">&nbsp;<\/span><\/span><\/span><\/li>\n<\/ul>\n<\/div>\n<\/div>\n","protected":false},"excerpt":{"rendered":"<p>El plazo ordinario de solicitud para ciclos formativos de grados B\u00e1sicos, Medios y Superiores en Andaluc\u00eda para el curso 2025\/2026 es del 15 al 30 de junio.&nbsp;Se realiza a trav\u00e9s de la Secretar\u00eda Virtual&#46;&#46;&#46;<\/p>\n","protected":false},"author":11107,"featured_media":2335,"comment_status":"closed","ping_status":"open","sticky":true,"template":"","format":"standard","meta":{"ngg_post_thumbnail":0,"footnotes":""},"categories":[17,52,49,12],"tags":[],"aioseo_notices":[],"_links":{"self":[{"href":"https:\/\/blogsaverroes.juntadeandalucia.es\/iesjandula\/wp-json\/wp\/v2\/posts\/2334"}],"collection":[{"href":"https:\/\/blogsaverroes.juntadeandalucia.es\/iesjandula\/wp-json\/wp\/v2\/posts"}],"about":[{"href":"https:\/\/blogsaverroes.juntadeandalucia.es\/iesjandula\/wp-json\/wp\/v2\/types\/post"}],"author":[{"embeddable":true,"href":"https:\/\/blogsaverroes.juntadeandalucia.es\/iesjandula\/wp-json\/wp\/v2\/users\/11107"}],"replies":[{"embeddable":true,"href":"https:\/\/blogsaverroes.juntadeandalucia.es\/iesjandula\/wp-json\/wp\/v2\/comments?post=2334"}],"version-history":[{"count":3,"href":"https:\/\/blogsaverroes.juntadeandalucia.es\/iesjandula\/wp-json\/wp\/v2\/posts\/2334\/revisions"}],"predecessor-version":[{"id":2338,"href":"https:\/\/blogsaverroes.juntadeandalucia.es\/iesjandula\/wp-json\/wp\/v2\/posts\/2334\/revisions\/2338"}],"wp:featuredmedia":[{"embeddable":true,"href":"https:\/\/blogsaverroes.juntadeandalucia.es\/iesjandula\/wp-json\/wp\/v2\/media\/2335"}],"wp:attachment":[{"href":"https:\/\/blogsaverroes.juntadeandalucia.es\/iesjandula\/wp-json\/wp\/v2\/media?parent=2334"}],"wp:term":[{"taxonomy":"category","embeddable":true,"href":"https:\/\/blogsaverroes.juntadeandalucia.es\/iesjandula\/wp-json\/wp\/v2\/categories?post=2334"},{"taxonomy":"post_tag","embeddable":true,"href":"https:\/\/blogsaverroes.juntadeandalucia.es\/iesjandula\/wp-json\/wp\/v2\/tags?post=2334"}],"curies":[{"name":"wp","href":"https:\/\/api.w.org\/{rel}","templated":true}]}}