{"id":2358,"date":"2025-09-03T19:21:23","date_gmt":"2025-09-03T17:21:23","guid":{"rendered":"https:\/\/blogsaverroes.juntadeandalucia.es\/iesjandula\/?p=2358"},"modified":"2025-09-03T19:24:22","modified_gmt":"2025-09-03T17:24:22","slug":"recepcion-alumnado-curso-2025-26","status":"publish","type":"post","link":"https:\/\/blogsaverroes.juntadeandalucia.es\/iesjandula\/recepcion-alumnado-curso-2025-26\/","title":{"rendered":"Recepci\u00f3n alumnado curso 2025-26"},"content":{"rendered":"<p style=\"text-align: center\"><span style=\"color: #ff0000\"><b>INICIO DE CURSO 25\/26<\/b><\/span><\/p>\n<p style=\"text-align: center\"><span style=\"color: #0000ff\"><b>CURSO 2025\/2026<\/b><\/span><\/p>\n<p style=\"text-align: center\"><span style=\"color: #0000ff\"><b>PRESENTACI\u00d3N DEL CURSO ACAD\u00c9MICO PARA ESO, BACHILLERATO, CICLOS FORMATIVOS&nbsp;<\/b><\/span><\/p>\n<p style=\"text-align: center\"><span style=\"color: #ff0000\"><b>RECEPCI\u00d3N DEL ALUMNADO<\/b><\/span><\/p>\n<p style=\"text-align: center\"><span style=\"color: #ff0000\"><b>LUNES, 15 DE SEPTIEMBRE&nbsp;<\/b><\/span><\/p>\n<p style=\"text-align: center\"><span style=\"color: #ff0000\"><b>!!! OJO, venir a la hora indicada, no antes!!!<\/b><\/span><\/p>\n<p><img loading=\"lazy\" decoding=\"async\" class=\"wp-image-2360 aligncenter\" src=\"https:\/\/blogsaverroes.juntadeandalucia.es\/iesjandula\/files\/2025\/09\/HOrario_Recepcion-213x300.png\" alt=\"\" width=\"394\" height=\"555\" srcset=\"https:\/\/blogsaverroes.juntadeandalucia.es\/iesjandula\/files\/2025\/09\/HOrario_Recepcion-213x300.png 213w, https:\/\/blogsaverroes.juntadeandalucia.es\/iesjandula\/files\/2025\/09\/HOrario_Recepcion.png 718w\" sizes=\"(max-width: 394px) 100vw, 394px\" \/><\/p>\n<ul>\n<li><span style=\"color: #0000ff\"><b>El transporte escolar solamente recoger\u00e1 al alumnado a la salida este d\u00eda 15 de septiembre.<\/b><\/span><\/li>\n<li><span style=\"color: #ff0000\"><b>A partir del martes 16 de septiembre inclusive, el horario de todas las ense\u00f1anzas de ma\u00f1ana ser\u00e1 de 8:00h a 14:30h (ESO, Bachillerato, CFGB Inform\u00e1tica, CFGM SMR, CMGM GU\u00cdA, CFGS DAM, y CFGS Mecatr\u00f3nica)<\/b><\/span><\/li>\n<li><span style=\"color: #0000ff\"><b>A partir del martes 16 de septiembre inclusive, el horario de las ense\u00f1anzas de tarde de 1\u00ba y 2\u00ba de DAW ser\u00e1 de 15:00h a 21:00h.<\/b><\/span><\/li>\n<\/ul>\n<p>&nbsp;<\/p>\n","protected":false},"excerpt":{"rendered":"<p>INICIO DE CURSO 25\/26 CURSO 2025\/2026 PRESENTACI\u00d3N DEL CURSO ACAD\u00c9MICO PARA ESO, BACHILLERATO, CICLOS FORMATIVOS&nbsp; RECEPCI\u00d3N DEL ALUMNADO LUNES, 15 DE SEPTIEMBRE&nbsp; !!! OJO, venir a la hora indicada, no antes!!! El transporte escolar&#46;&#46;&#46;<\/p>\n","protected":false},"author":11107,"featured_media":2140,"comment_status":"closed","ping_status":"open","sticky":true,"template":"","format":"standard","meta":{"ngg_post_thumbnail":0,"footnotes":""},"categories":[17,49],"tags":[],"aioseo_notices":[],"_links":{"self":[{"href":"https:\/\/blogsaverroes.juntadeandalucia.es\/iesjandula\/wp-json\/wp\/v2\/posts\/2358"}],"collection":[{"href":"https:\/\/blogsaverroes.juntadeandalucia.es\/iesjandula\/wp-json\/wp\/v2\/posts"}],"about":[{"href":"https:\/\/blogsaverroes.juntadeandalucia.es\/iesjandula\/wp-json\/wp\/v2\/types\/post"}],"author":[{"embeddable":true,"href":"https:\/\/blogsaverroes.juntadeandalucia.es\/iesjandula\/wp-json\/wp\/v2\/users\/11107"}],"replies":[{"embeddable":true,"href":"https:\/\/blogsaverroes.juntadeandalucia.es\/iesjandula\/wp-json\/wp\/v2\/comments?post=2358"}],"version-history":[{"count":2,"href":"https:\/\/blogsaverroes.juntadeandalucia.es\/iesjandula\/wp-json\/wp\/v2\/posts\/2358\/revisions"}],"predecessor-version":[{"id":2362,"href":"https:\/\/blogsaverroes.juntadeandalucia.es\/iesjandula\/wp-json\/wp\/v2\/posts\/2358\/revisions\/2362"}],"wp:featuredmedia":[{"embeddable":true,"href":"https:\/\/blogsaverroes.juntadeandalucia.es\/iesjandula\/wp-json\/wp\/v2\/media\/2140"}],"wp:attachment":[{"href":"https:\/\/blogsaverroes.juntadeandalucia.es\/iesjandula\/wp-json\/wp\/v2\/media?parent=2358"}],"wp:term":[{"taxonomy":"category","embeddable":true,"href":"https:\/\/blogsaverroes.juntadeandalucia.es\/iesjandula\/wp-json\/wp\/v2\/categories?post=2358"},{"taxonomy":"post_tag","embeddable":true,"href":"https:\/\/blogsaverroes.juntadeandalucia.es\/iesjandula\/wp-json\/wp\/v2\/tags?post=2358"}],"curies":[{"name":"wp","href":"https:\/\/api.w.org\/{rel}","templated":true}]}}