{"id":2378,"date":"2026-03-04T09:32:46","date_gmt":"2026-03-04T08:32:46","guid":{"rendered":"https:\/\/blogsaverroes.juntadeandalucia.es\/iesjandula\/?p=2378"},"modified":"2026-03-09T12:05:48","modified_gmt":"2026-03-09T11:05:48","slug":"%f0%9f%93%a2-escolarizacion-curso-2026-2027-eso-y-bachillerato","status":"publish","type":"post","link":"https:\/\/blogsaverroes.juntadeandalucia.es\/iesjandula\/%f0%9f%93%a2-escolarizacion-curso-2026-2027-eso-y-bachillerato\/","title":{"rendered":"\ud83d\udce2 Escolarizaci\u00f3n Curso 2026-2027 \u2013 ESO y Bachillerato"},"content":{"rendered":"<h3 data-start=\"225\" data-end=\"283\"><img loading=\"lazy\" decoding=\"async\" class=\"size-medium wp-image-2376 alignleft\" src=\"https:\/\/blogsaverroes.juntadeandalucia.es\/iesjandula\/files\/2026\/03\/escolarizacion-300x158.jpg\" alt=\"\" width=\"300\" height=\"158\" srcset=\"https:\/\/blogsaverroes.juntadeandalucia.es\/iesjandula\/files\/2026\/03\/escolarizacion-300x158.jpg 300w, https:\/\/blogsaverroes.juntadeandalucia.es\/iesjandula\/files\/2026\/03\/escolarizacion-1024x538.jpg 1024w, https:\/\/blogsaverroes.juntadeandalucia.es\/iesjandula\/files\/2026\/03\/escolarizacion-768x403.jpg 768w, https:\/\/blogsaverroes.juntadeandalucia.es\/iesjandula\/files\/2026\/03\/escolarizacion.jpg 1200w\" sizes=\"(max-width: 300px) 100vw, 300px\" \/><\/h3>\n<p data-start=\"285\" data-end=\"762\">\ud83d\udcc5 <strong data-start=\"288\" data-end=\"320\">Del 1 al 31 de marzo de 2026<\/strong> est\u00e1 abierto el <strong data-start=\"337\" data-end=\"385\">plazo oficial de escolarizaci\u00f3n en Andaluc\u00eda<\/strong> para las etapas de <strong data-start=\"405\" data-end=\"447\">Educaci\u00f3n Secundaria Obligatoria (ESO)<\/strong> y <strong data-start=\"450\" data-end=\"466\">Bachillerato<\/strong>, as\u00ed como para el resto de niveles educativos. Este periodo es el establecido por la <strong data-start=\"552\" data-end=\"639\">Consejer\u00eda de Desarrollo Educativo y Formaci\u00f3n Profesional de la Junta de Andaluc\u00eda<\/strong> para presentar la <strong data-start=\"658\" data-end=\"723\">solicitud de admisi\u00f3n para el pr\u00f3ximo curso escolar 2026-2027<\/strong>.<\/p>\n<p data-start=\"764\" data-end=\"1112\">\ud83d\udcdd Las familias pueden presentar la <strong data-start=\"800\" data-end=\"822\">solicitud de plaza<\/strong>:<br data-start=\"823\" data-end=\"826\">\u2714\ufe0f <strong data-start=\"829\" data-end=\"866\">Telem\u00e1ticamente (modo preferente)<\/strong> a trav\u00e9s de la <a href=\"https:\/\/www.juntadeandalucia.es\/educacion\/portales\/web\/escolarizacion\/infantil-a-bachillerato\"><strong data-start=\"882\" data-end=\"929\">Secretar\u00eda Virtual de la Junta de Andaluc\u00eda<\/strong><\/a>. <br data-start=\"968\" data-end=\"971\">\u2714\ufe0f <strong data-start=\"974\" data-end=\"993\">Presencialmente<\/strong> en la <strong data-start=\"1000\" data-end=\"1042\">Secretar\u00eda de nuestro centro educativo<\/strong> durante el horario de atenci\u00f3n.<\/p>\n<p data-start=\"764\" data-end=\"1112\"><b>\ud83d\udcdd <\/b>En el <strong data-start=\"829\" data-end=\"866\">siguiente <a href=\"https:\/\/drive.google.com\/drive\/folders\/1KCeV2tLI9YYI8lfd-cG90GsatrCmtQgc?usp=drive_link\">ENLACE<\/a> <\/strong>se puede obtener<b> <strong data-start=\"974\" data-end=\"993\">Informaci\u00f3n<\/strong> d<strong data-start=\"974\" data-end=\"993\">e<\/strong> <strong data-start=\"974\" data-end=\"993\">la<\/strong> <strong data-start=\"974\" data-end=\"993\">diferente<\/strong> <strong data-start=\"974\" data-end=\"993\">Oferta<\/strong> <strong data-start=\"974\" data-end=\"993\">Formativa<\/strong> <strong data-start=\"974\" data-end=\"993\">de<\/strong> <strong data-start=\"974\" data-end=\"993\">cada<\/strong> <strong data-start=\"974\" data-end=\"993\">uno<\/strong> <strong data-start=\"974\" data-end=\"993\">de<\/strong> <strong data-start=\"974\" data-end=\"993\">los<\/strong> <strong data-start=\"974\" data-end=\"993\">Cursos.<\/strong><\/b><\/p>\n<p data-start=\"1114\" data-end=\"1303\">\ud83d\udccc Este proceso es necesario tanto para quienes acceden por primera vez como para quienes desean <strong data-start=\"1211\" data-end=\"1242\">cambiar de centro educativo<\/strong> para el pr\u00f3ximo curso.<\/p>\n<p data-start=\"1305\" data-end=\"1509\">\ud83d\udccd Para m\u00e1s informaci\u00f3n sobre los tr\u00e1mites, documentaci\u00f3n y criterios de baremaci\u00f3n puedes consultar los recursos oficiales de la <strong data-start=\"1435\" data-end=\"1457\">Junta de Andaluc\u00eda<\/strong> o ponerte en contacto con la Secretar\u00eda del centro.<\/p>\n","protected":false},"excerpt":{"rendered":"<p>\ud83d\udcc5 Del 1 al 31 de marzo de 2026 est\u00e1 abierto el plazo oficial de escolarizaci\u00f3n en Andaluc\u00eda para las etapas de Educaci\u00f3n Secundaria Obligatoria (ESO) y Bachillerato, as\u00ed como para el resto de&#46;&#46;&#46;<\/p>\n","protected":false},"author":11107,"featured_media":2376,"comment_status":"closed","ping_status":"open","sticky":true,"template":"","format":"standard","meta":{"ngg_post_thumbnail":0,"footnotes":""},"categories":[17,1],"tags":[],"aioseo_notices":[],"_links":{"self":[{"href":"https:\/\/blogsaverroes.juntadeandalucia.es\/iesjandula\/wp-json\/wp\/v2\/posts\/2378"}],"collection":[{"href":"https:\/\/blogsaverroes.juntadeandalucia.es\/iesjandula\/wp-json\/wp\/v2\/posts"}],"about":[{"href":"https:\/\/blogsaverroes.juntadeandalucia.es\/iesjandula\/wp-json\/wp\/v2\/types\/post"}],"author":[{"embeddable":true,"href":"https:\/\/blogsaverroes.juntadeandalucia.es\/iesjandula\/wp-json\/wp\/v2\/users\/11107"}],"replies":[{"embeddable":true,"href":"https:\/\/blogsaverroes.juntadeandalucia.es\/iesjandula\/wp-json\/wp\/v2\/comments?post=2378"}],"version-history":[{"count":5,"href":"https:\/\/blogsaverroes.juntadeandalucia.es\/iesjandula\/wp-json\/wp\/v2\/posts\/2378\/revisions"}],"predecessor-version":[{"id":2391,"href":"https:\/\/blogsaverroes.juntadeandalucia.es\/iesjandula\/wp-json\/wp\/v2\/posts\/2378\/revisions\/2391"}],"wp:featuredmedia":[{"embeddable":true,"href":"https:\/\/blogsaverroes.juntadeandalucia.es\/iesjandula\/wp-json\/wp\/v2\/media\/2376"}],"wp:attachment":[{"href":"https:\/\/blogsaverroes.juntadeandalucia.es\/iesjandula\/wp-json\/wp\/v2\/media?parent=2378"}],"wp:term":[{"taxonomy":"category","embeddable":true,"href":"https:\/\/blogsaverroes.juntadeandalucia.es\/iesjandula\/wp-json\/wp\/v2\/categories?post=2378"},{"taxonomy":"post_tag","embeddable":true,"href":"https:\/\/blogsaverroes.juntadeandalucia.es\/iesjandula\/wp-json\/wp\/v2\/tags?post=2378"}],"curies":[{"name":"wp","href":"https:\/\/api.w.org\/{rel}","templated":true}]}}