{"id":2382,"date":"2026-03-03T10:07:48","date_gmt":"2026-03-03T09:07:48","guid":{"rendered":"https:\/\/blogsaverroes.juntadeandalucia.es\/iesjandula\/?p=2382"},"modified":"2026-03-09T12:36:01","modified_gmt":"2026-03-09T11:36:01","slug":"jornadas-puertas-abiertas-ies-jandula","status":"publish","type":"post","link":"https:\/\/blogsaverroes.juntadeandalucia.es\/iesjandula\/jornadas-puertas-abiertas-ies-jandula\/","title":{"rendered":"Jornadas Puertas Abiertas IES J\u00e1ndula"},"content":{"rendered":"<p class=\"isSelectedEnd\"><img loading=\"lazy\" decoding=\"async\" class=\"size-medium wp-image-2383 alignleft\" src=\"https:\/\/blogsaverroes.juntadeandalucia.es\/iesjandula\/files\/2026\/03\/Jornadas_Puertas_Abiertas-212x300.jpeg\" alt=\"\" width=\"212\" height=\"300\" srcset=\"https:\/\/blogsaverroes.juntadeandalucia.es\/iesjandula\/files\/2026\/03\/Jornadas_Puertas_Abiertas-212x300.jpeg 212w, https:\/\/blogsaverroes.juntadeandalucia.es\/iesjandula\/files\/2026\/03\/Jornadas_Puertas_Abiertas-724x1024.jpeg 724w, https:\/\/blogsaverroes.juntadeandalucia.es\/iesjandula\/files\/2026\/03\/Jornadas_Puertas_Abiertas-768x1087.jpeg 768w, https:\/\/blogsaverroes.juntadeandalucia.es\/iesjandula\/files\/2026\/03\/Jornadas_Puertas_Abiertas-1085x1536.jpeg 1085w, https:\/\/blogsaverroes.juntadeandalucia.es\/iesjandula\/files\/2026\/03\/Jornadas_Puertas_Abiertas.jpeg 1447w\" sizes=\"(max-width: 212px) 100vw, 212px\" \/>Debido al gran inter\u00e9s mostrado y para todas aquellas familias que no pudieron asistir en la primera convocatoria, el pr\u00f3ximo <strong>11 de marzo<\/strong> celebraremos nuevamente nuestras <strong>Jornadas de Puertas Abiertas en el IES J\u00e1ndula<\/strong>.<\/p>\n<p class=\"isSelectedEnd\">Ser\u00e1 una excelente oportunidad para conocer nuestras instalaciones, nuestra oferta educativa y el proyecto educativo de nuestro centro.<\/p>\n<p>\u00a1Os esperamos!<\/p>\n","protected":false},"excerpt":{"rendered":"<p>Debido al gran inter\u00e9s mostrado y para todas aquellas familias que no pudieron asistir en la primera convocatoria, el pr\u00f3ximo 11 de marzo celebraremos nuevamente nuestras Jornadas de Puertas Abiertas en el IES J\u00e1ndula.&#46;&#46;&#46;<\/p>\n","protected":false},"author":11107,"featured_media":2383,"comment_status":"closed","ping_status":"open","sticky":true,"template":"","format":"standard","meta":{"ngg_post_thumbnail":0,"footnotes":""},"categories":[33,17,53,49,19,18],"tags":[],"aioseo_notices":[],"_links":{"self":[{"href":"https:\/\/blogsaverroes.juntadeandalucia.es\/iesjandula\/wp-json\/wp\/v2\/posts\/2382"}],"collection":[{"href":"https:\/\/blogsaverroes.juntadeandalucia.es\/iesjandula\/wp-json\/wp\/v2\/posts"}],"about":[{"href":"https:\/\/blogsaverroes.juntadeandalucia.es\/iesjandula\/wp-json\/wp\/v2\/types\/post"}],"author":[{"embeddable":true,"href":"https:\/\/blogsaverroes.juntadeandalucia.es\/iesjandula\/wp-json\/wp\/v2\/users\/11107"}],"replies":[{"embeddable":true,"href":"https:\/\/blogsaverroes.juntadeandalucia.es\/iesjandula\/wp-json\/wp\/v2\/comments?post=2382"}],"version-history":[{"count":3,"href":"https:\/\/blogsaverroes.juntadeandalucia.es\/iesjandula\/wp-json\/wp\/v2\/posts\/2382\/revisions"}],"predecessor-version":[{"id":2393,"href":"https:\/\/blogsaverroes.juntadeandalucia.es\/iesjandula\/wp-json\/wp\/v2\/posts\/2382\/revisions\/2393"}],"wp:featuredmedia":[{"embeddable":true,"href":"https:\/\/blogsaverroes.juntadeandalucia.es\/iesjandula\/wp-json\/wp\/v2\/media\/2383"}],"wp:attachment":[{"href":"https:\/\/blogsaverroes.juntadeandalucia.es\/iesjandula\/wp-json\/wp\/v2\/media?parent=2382"}],"wp:term":[{"taxonomy":"category","embeddable":true,"href":"https:\/\/blogsaverroes.juntadeandalucia.es\/iesjandula\/wp-json\/wp\/v2\/categories?post=2382"},{"taxonomy":"post_tag","embeddable":true,"href":"https:\/\/blogsaverroes.juntadeandalucia.es\/iesjandula\/wp-json\/wp\/v2\/tags?post=2382"}],"curies":[{"name":"wp","href":"https:\/\/api.w.org\/{rel}","templated":true}]}}