{"id":3059,"date":"2021-05-18T12:28:29","date_gmt":"2021-05-18T11:28:29","guid":{"rendered":"https:\/\/blogsaverroes.juntadeandalucia.es\/iesjdq\/?p=3059"},"modified":"2021-05-18T12:28:29","modified_gmt":"2021-05-18T11:28:29","slug":"becas-para-estudiar-grados-universitarios-fundacion-la-caixa","status":"publish","type":"post","link":"https:\/\/blogsaverroes.juntadeandalucia.es\/iesjdq\/2021\/05\/18\/becas-para-estudiar-grados-universitarios-fundacion-la-caixa\/","title":{"rendered":"Becas para estudiar grados universitarios Fundaci\u00f3n La Caixa"},"content":{"rendered":"<p>El pr\u00f3ximo 3 de junio, finaliza el plazo de presentaci\u00f3n de solicitudes del nuevo programa de becas para cursar estudios de grado en universidades o centros de educaci\u00f3n superior p\u00fablicos espa\u00f1oles.<\/p>\n<p>Estas nuevas ayudas de la Fundaci\u00f3n \u201dla Caixa\u201d, adem\u00e1s de cubrir los gastos de los estudios, incluyen ayudas para estancias en el extranjero o aprendizaje de idiomas, as\u00ed como un programa de acompa\u00f1amiento y formaci\u00f3n en habilidades transversales.<\/p>\n<p><a href=\"https:\/\/fundacionlacaixa.org\/es\/becas-grado-convocatoria?utm_source=newsletter&amp;utm_medium=email&amp;utm_campaign=4838_EDU_Email&amp;utm_content=ES&amp;utm_term=Educacion&amp;crm_i=EDU_1_GEN&amp;j=537439&amp;sfmc_sub=205051978&amp;l=234_HTML&amp;u=14468560&amp;mid=100020338&amp;jb=266\" target=\"_blank\" rel=\"noopener noreferrer\">+info<\/a><\/p>\n","protected":false},"excerpt":{"rendered":"<p>El pr\u00f3ximo 3 de junio, finaliza el plazo de presentaci\u00f3n de solicitudes del nuevo programa de becas para cursar estudios de grado en universidades o centros de educaci\u00f3n superior p\u00fablicos espa\u00f1oles. Estas nuevas ayudas&#46;&#46;&#46;<\/p>\n","protected":false},"author":7835,"featured_media":3060,"comment_status":"closed","ping_status":"open","sticky":false,"template":"","format":"standard","meta":{"ngg_post_thumbnail":0,"footnotes":""},"categories":[526,3812],"tags":[],"aioseo_notices":[],"_links":{"self":[{"href":"https:\/\/blogsaverroes.juntadeandalucia.es\/iesjdq\/wp-json\/wp\/v2\/posts\/3059"}],"collection":[{"href":"https:\/\/blogsaverroes.juntadeandalucia.es\/iesjdq\/wp-json\/wp\/v2\/posts"}],"about":[{"href":"https:\/\/blogsaverroes.juntadeandalucia.es\/iesjdq\/wp-json\/wp\/v2\/types\/post"}],"author":[{"embeddable":true,"href":"https:\/\/blogsaverroes.juntadeandalucia.es\/iesjdq\/wp-json\/wp\/v2\/users\/7835"}],"replies":[{"embeddable":true,"href":"https:\/\/blogsaverroes.juntadeandalucia.es\/iesjdq\/wp-json\/wp\/v2\/comments?post=3059"}],"version-history":[{"count":1,"href":"https:\/\/blogsaverroes.juntadeandalucia.es\/iesjdq\/wp-json\/wp\/v2\/posts\/3059\/revisions"}],"predecessor-version":[{"id":3061,"href":"https:\/\/blogsaverroes.juntadeandalucia.es\/iesjdq\/wp-json\/wp\/v2\/posts\/3059\/revisions\/3061"}],"wp:featuredmedia":[{"embeddable":true,"href":"https:\/\/blogsaverroes.juntadeandalucia.es\/iesjdq\/wp-json\/wp\/v2\/media\/3060"}],"wp:attachment":[{"href":"https:\/\/blogsaverroes.juntadeandalucia.es\/iesjdq\/wp-json\/wp\/v2\/media?parent=3059"}],"wp:term":[{"taxonomy":"category","embeddable":true,"href":"https:\/\/blogsaverroes.juntadeandalucia.es\/iesjdq\/wp-json\/wp\/v2\/categories?post=3059"},{"taxonomy":"post_tag","embeddable":true,"href":"https:\/\/blogsaverroes.juntadeandalucia.es\/iesjdq\/wp-json\/wp\/v2\/tags?post=3059"}],"curies":[{"name":"wp","href":"https:\/\/api.w.org\/{rel}","templated":true}]}}