{"id":5121,"date":"2025-01-30T11:45:12","date_gmt":"2025-01-30T10:45:12","guid":{"rendered":"https:\/\/blogsaverroes.juntadeandalucia.es\/iesjdq\/?p=5121"},"modified":"2025-01-30T11:46:04","modified_gmt":"2025-01-30T10:46:04","slug":"5121","status":"publish","type":"post","link":"https:\/\/blogsaverroes.juntadeandalucia.es\/iesjdq\/2025\/01\/30\/5121\/","title":{"rendered":"D\u00eda de las Bibliotecas 2024"},"content":{"rendered":"<p>El 24 de Octubre celebramos el D\u00eda de las Bibliotecas con la presentaci\u00f3n del libro \u201cMOM, 2033, el despertar\u201d, con su autor Juan Antonio Ala\u00f1\u00f3n. Acompa\u00f1\u00e1ndole los grupos de 3\u00ba A y B, y 4\u00ba A y B.<\/p>\n<p style=\"text-align: center\">Gracias siempre a Miriam y a la @santafe.biblioteca1492 por tu organizaci\u00f3n y colaboraci\u00f3n<\/p>\nngg_shortcode_0_placeholder\n","protected":false},"excerpt":{"rendered":"<p>El 24 de Octubre celebramos el D\u00eda de las Bibliotecas con la presentaci\u00f3n del libro \u201cMOM, 2033, el despertar\u201d, con su autor Juan Antonio Ala\u00f1\u00f3n. Acompa\u00f1\u00e1ndole los grupos de 3\u00ba A y B, y&#46;&#46;&#46;<\/p>\n","protected":false},"author":7835,"featured_media":0,"comment_status":"closed","ping_status":"open","sticky":false,"template":"","format":"standard","meta":{"ngg_post_thumbnail":0,"footnotes":""},"categories":[11909],"tags":[],"aioseo_notices":[],"_links":{"self":[{"href":"https:\/\/blogsaverroes.juntadeandalucia.es\/iesjdq\/wp-json\/wp\/v2\/posts\/5121"}],"collection":[{"href":"https:\/\/blogsaverroes.juntadeandalucia.es\/iesjdq\/wp-json\/wp\/v2\/posts"}],"about":[{"href":"https:\/\/blogsaverroes.juntadeandalucia.es\/iesjdq\/wp-json\/wp\/v2\/types\/post"}],"author":[{"embeddable":true,"href":"https:\/\/blogsaverroes.juntadeandalucia.es\/iesjdq\/wp-json\/wp\/v2\/users\/7835"}],"replies":[{"embeddable":true,"href":"https:\/\/blogsaverroes.juntadeandalucia.es\/iesjdq\/wp-json\/wp\/v2\/comments?post=5121"}],"version-history":[{"count":2,"href":"https:\/\/blogsaverroes.juntadeandalucia.es\/iesjdq\/wp-json\/wp\/v2\/posts\/5121\/revisions"}],"predecessor-version":[{"id":5131,"href":"https:\/\/blogsaverroes.juntadeandalucia.es\/iesjdq\/wp-json\/wp\/v2\/posts\/5121\/revisions\/5131"}],"wp:attachment":[{"href":"https:\/\/blogsaverroes.juntadeandalucia.es\/iesjdq\/wp-json\/wp\/v2\/media?parent=5121"}],"wp:term":[{"taxonomy":"category","embeddable":true,"href":"https:\/\/blogsaverroes.juntadeandalucia.es\/iesjdq\/wp-json\/wp\/v2\/categories?post=5121"},{"taxonomy":"post_tag","embeddable":true,"href":"https:\/\/blogsaverroes.juntadeandalucia.es\/iesjdq\/wp-json\/wp\/v2\/tags?post=5121"}],"curies":[{"name":"wp","href":"https:\/\/api.w.org\/{rel}","templated":true}]}}