{"id":5240,"date":"2025-03-09T17:20:57","date_gmt":"2025-03-09T16:20:57","guid":{"rendered":"https:\/\/blogsaverroes.juntadeandalucia.es\/iesjdq\/?p=5240"},"modified":"2025-03-09T17:21:21","modified_gmt":"2025-03-09T16:21:21","slug":"la-paz-comienza-cuando-decides-amarte-a-ti-mimo","status":"publish","type":"post","link":"https:\/\/blogsaverroes.juntadeandalucia.es\/iesjdq\/2025\/03\/09\/la-paz-comienza-cuando-decides-amarte-a-ti-mimo\/","title":{"rendered":"La Paz Comienza Cuando Decides Amarte A Ti Mismo"},"content":{"rendered":"<p>El alumnado de 2\u00ba de Integraci\u00f3n Social ha preparado una serie de actividades muy especiales para conmemorar el D\u00eda Internacional de la Paz que han llevado a cabo con los estudiantes de 3\u00ba y 4\u00ba de la ESO y 1\u00ba y 2\u00ba de la ESO, para reflejar su compromiso con la construcci\u00f3n de un mundo m\u00e1s justo y solidario entre todos\/as.<\/p>\n<ul>\n<li>Yincana Cooperativa para 3\u00ba y 4\u00ba de ESO:<br \/>\nPara los m\u00e1s grandes, hemos organizado una yincana con pruebas que fomentan la cooperaci\u00f3n y la solidaridad. El objetivo es destacar que todos podemos construir la paz si trabajamos juntos, en armon\u00eda y respeto. \u00a1El esfuerzo colectivo es la clave para un mundo m\u00e1s pac\u00edfico!<\/li>\n<li>Instalaci\u00f3n Art\u00edstica para 1\u00ba y 2\u00ba de ESO:<br \/>\nLos m\u00e1s peque\u00f1os tambi\u00e9n se unieron al movimiento por la paz con una instalaci\u00f3n art\u00edstica en la que participaron creando un mural y tomando fotograf\u00edas de la parte de su cuerpo que m\u00e1s les gusta, bajo el lema \u201cLa paz comienza cuando decides amarte a ti mismo\u201d. Un recordatorio de que, para construir la paz en el mundo, primero debemos cultivarla dentro de nosotros\/as.<\/li>\n<\/ul>\n<p>Recordemos que la paz empieza en cada uno\/a de nosotros\/as y, juntos\/as, podemos hacerla realidad.<\/p>\nngg_shortcode_0_placeholder\n","protected":false},"excerpt":{"rendered":"<p>El alumnado de 2\u00ba de Integraci\u00f3n Social ha preparado una serie de actividades muy especiales para conmemorar el D\u00eda Internacional de la Paz que han llevado a cabo con los estudiantes de 3\u00ba y&#46;&#46;&#46;<\/p>\n","protected":false},"author":7835,"featured_media":0,"comment_status":"closed","ping_status":"open","sticky":false,"template":"","format":"standard","meta":{"ngg_post_thumbnail":0,"footnotes":""},"categories":[11909],"tags":[],"aioseo_notices":[],"_links":{"self":[{"href":"https:\/\/blogsaverroes.juntadeandalucia.es\/iesjdq\/wp-json\/wp\/v2\/posts\/5240"}],"collection":[{"href":"https:\/\/blogsaverroes.juntadeandalucia.es\/iesjdq\/wp-json\/wp\/v2\/posts"}],"about":[{"href":"https:\/\/blogsaverroes.juntadeandalucia.es\/iesjdq\/wp-json\/wp\/v2\/types\/post"}],"author":[{"embeddable":true,"href":"https:\/\/blogsaverroes.juntadeandalucia.es\/iesjdq\/wp-json\/wp\/v2\/users\/7835"}],"replies":[{"embeddable":true,"href":"https:\/\/blogsaverroes.juntadeandalucia.es\/iesjdq\/wp-json\/wp\/v2\/comments?post=5240"}],"version-history":[{"count":2,"href":"https:\/\/blogsaverroes.juntadeandalucia.es\/iesjdq\/wp-json\/wp\/v2\/posts\/5240\/revisions"}],"predecessor-version":[{"id":5261,"href":"https:\/\/blogsaverroes.juntadeandalucia.es\/iesjdq\/wp-json\/wp\/v2\/posts\/5240\/revisions\/5261"}],"wp:attachment":[{"href":"https:\/\/blogsaverroes.juntadeandalucia.es\/iesjdq\/wp-json\/wp\/v2\/media?parent=5240"}],"wp:term":[{"taxonomy":"category","embeddable":true,"href":"https:\/\/blogsaverroes.juntadeandalucia.es\/iesjdq\/wp-json\/wp\/v2\/categories?post=5240"},{"taxonomy":"post_tag","embeddable":true,"href":"https:\/\/blogsaverroes.juntadeandalucia.es\/iesjdq\/wp-json\/wp\/v2\/tags?post=5240"}],"curies":[{"name":"wp","href":"https:\/\/api.w.org\/{rel}","templated":true}]}}