{"id":5346,"date":"2025-03-09T18:49:30","date_gmt":"2025-03-09T17:49:30","guid":{"rendered":"https:\/\/blogsaverroes.juntadeandalucia.es\/iesjdq\/?p=5346"},"modified":"2025-05-31T16:08:09","modified_gmt":"2025-05-31T15:08:09","slug":"torneo-de-debate-provincial-2025","status":"publish","type":"post","link":"https:\/\/blogsaverroes.juntadeandalucia.es\/iesjdq\/2025\/03\/09\/torneo-de-debate-provincial-2025\/","title":{"rendered":"Torneo de Debate provincial 2025"},"content":{"rendered":"<p>Hemos vuelto a ganar el Torneo de Debate provincial organizado por la Consejer\u00eda<br \/>\nde Desarrollo Educativo y Formaci\u00f3n Profesional. Nuestro equipo estaba formado por Elena Rueda<br \/>\n(2\u00ba Bachillerato A) como introductora, Miguel \u00c1ngel Bertos (1\u00ba Bachillerato A) como primer<br \/>\nrefutador, Ainara Fern\u00e1ndez (2\u00ba Bachillerato B) como segunda refutadora y Mar\u00eda del Mar Moreno<br \/>\n(1\u00ba Bachillerato A) como conclusora. Han estado acompa\u00f1ados en esta aventura por el profesor<br \/>\nAndr\u00e9s Rueda.<br \/>\nSe han ganado el honor de representar a la provincia de Granada en el Torneo de Debate<br \/>\nauton\u00f3mico, que se celebrar\u00e1 en Carmona a mediados de mayo de este a\u00f1o.<br \/>\nFelicidades para este equipo tan excelente y mucho \u00e1nimo para la fase auton\u00f3mica.<\/p>\nngg_shortcode_0_placeholder\n","protected":false},"excerpt":{"rendered":"<p>Hemos vuelto a ganar el Torneo de Debate provincial organizado por la Consejer\u00eda de Desarrollo Educativo y Formaci\u00f3n Profesional. Nuestro equipo estaba formado por Elena Rueda (2\u00ba Bachillerato A) como introductora, Miguel \u00c1ngel Bertos&#46;&#46;&#46;<\/p>\n","protected":false},"author":7835,"featured_media":5374,"comment_status":"closed","ping_status":"open","sticky":false,"template":"","format":"standard","meta":{"ngg_post_thumbnail":0,"footnotes":""},"categories":[1338825,11909],"tags":[],"aioseo_notices":[],"_links":{"self":[{"href":"https:\/\/blogsaverroes.juntadeandalucia.es\/iesjdq\/wp-json\/wp\/v2\/posts\/5346"}],"collection":[{"href":"https:\/\/blogsaverroes.juntadeandalucia.es\/iesjdq\/wp-json\/wp\/v2\/posts"}],"about":[{"href":"https:\/\/blogsaverroes.juntadeandalucia.es\/iesjdq\/wp-json\/wp\/v2\/types\/post"}],"author":[{"embeddable":true,"href":"https:\/\/blogsaverroes.juntadeandalucia.es\/iesjdq\/wp-json\/wp\/v2\/users\/7835"}],"replies":[{"embeddable":true,"href":"https:\/\/blogsaverroes.juntadeandalucia.es\/iesjdq\/wp-json\/wp\/v2\/comments?post=5346"}],"version-history":[{"count":1,"href":"https:\/\/blogsaverroes.juntadeandalucia.es\/iesjdq\/wp-json\/wp\/v2\/posts\/5346\/revisions"}],"predecessor-version":[{"id":5364,"href":"https:\/\/blogsaverroes.juntadeandalucia.es\/iesjdq\/wp-json\/wp\/v2\/posts\/5346\/revisions\/5364"}],"wp:featuredmedia":[{"embeddable":true,"href":"https:\/\/blogsaverroes.juntadeandalucia.es\/iesjdq\/wp-json\/wp\/v2\/media\/5374"}],"wp:attachment":[{"href":"https:\/\/blogsaverroes.juntadeandalucia.es\/iesjdq\/wp-json\/wp\/v2\/media?parent=5346"}],"wp:term":[{"taxonomy":"category","embeddable":true,"href":"https:\/\/blogsaverroes.juntadeandalucia.es\/iesjdq\/wp-json\/wp\/v2\/categories?post=5346"},{"taxonomy":"post_tag","embeddable":true,"href":"https:\/\/blogsaverroes.juntadeandalucia.es\/iesjdq\/wp-json\/wp\/v2\/tags?post=5346"}],"curies":[{"name":"wp","href":"https:\/\/api.w.org\/{rel}","templated":true}]}}