{"id":5472,"date":"2025-06-01T07:22:29","date_gmt":"2025-06-01T06:22:29","guid":{"rendered":"https:\/\/blogsaverroes.juntadeandalucia.es\/iesjdq\/?p=5472"},"modified":"2025-06-01T07:23:22","modified_gmt":"2025-06-01T06:23:22","slug":"feria-de-formacion-profesional-2025","status":"publish","type":"post","link":"https:\/\/blogsaverroes.juntadeandalucia.es\/iesjdq\/2025\/06\/01\/feria-de-formacion-profesional-2025\/","title":{"rendered":"Feria de Formaci\u00f3n Profesional 2025"},"content":{"rendered":"<p>El IES Jim\u00e9nez de Quesada ha estado presente con un stand lleno de vocaci\u00f3n, creatividad y compromiso social, representando con orgullo nuestros Ciclos Formativos Superiores DUALES en Integraci\u00f3n Social y Educaci\u00f3n Infantil.<\/p>\nngg_shortcode_0_placeholder\n","protected":false},"excerpt":{"rendered":"<p>El IES Jim\u00e9nez de Quesada ha estado presente con un stand lleno de vocaci\u00f3n, creatividad y compromiso social, representando con orgullo nuestros Ciclos Formativos Superiores DUALES en Integraci\u00f3n Social y Educaci\u00f3n Infantil.<\/p>\n","protected":false},"author":7835,"featured_media":5482,"comment_status":"closed","ping_status":"open","sticky":false,"template":"","format":"standard","meta":{"ngg_post_thumbnail":0,"footnotes":""},"categories":[1338832],"tags":[],"aioseo_notices":[],"_links":{"self":[{"href":"https:\/\/blogsaverroes.juntadeandalucia.es\/iesjdq\/wp-json\/wp\/v2\/posts\/5472"}],"collection":[{"href":"https:\/\/blogsaverroes.juntadeandalucia.es\/iesjdq\/wp-json\/wp\/v2\/posts"}],"about":[{"href":"https:\/\/blogsaverroes.juntadeandalucia.es\/iesjdq\/wp-json\/wp\/v2\/types\/post"}],"author":[{"embeddable":true,"href":"https:\/\/blogsaverroes.juntadeandalucia.es\/iesjdq\/wp-json\/wp\/v2\/users\/7835"}],"replies":[{"embeddable":true,"href":"https:\/\/blogsaverroes.juntadeandalucia.es\/iesjdq\/wp-json\/wp\/v2\/comments?post=5472"}],"version-history":[{"count":1,"href":"https:\/\/blogsaverroes.juntadeandalucia.es\/iesjdq\/wp-json\/wp\/v2\/posts\/5472\/revisions"}],"predecessor-version":[{"id":5481,"href":"https:\/\/blogsaverroes.juntadeandalucia.es\/iesjdq\/wp-json\/wp\/v2\/posts\/5472\/revisions\/5481"}],"wp:featuredmedia":[{"embeddable":true,"href":"https:\/\/blogsaverroes.juntadeandalucia.es\/iesjdq\/wp-json\/wp\/v2\/media\/5482"}],"wp:attachment":[{"href":"https:\/\/blogsaverroes.juntadeandalucia.es\/iesjdq\/wp-json\/wp\/v2\/media?parent=5472"}],"wp:term":[{"taxonomy":"category","embeddable":true,"href":"https:\/\/blogsaverroes.juntadeandalucia.es\/iesjdq\/wp-json\/wp\/v2\/categories?post=5472"},{"taxonomy":"post_tag","embeddable":true,"href":"https:\/\/blogsaverroes.juntadeandalucia.es\/iesjdq\/wp-json\/wp\/v2\/tags?post=5472"}],"curies":[{"name":"wp","href":"https:\/\/api.w.org\/{rel}","templated":true}]}}